{"id":10855,"date":"2023-11-06T15:33:01","date_gmt":"2023-11-06T18:33:01","guid":{"rendered":"https:\/\/novasdodia.com.br\/index.php\/2023\/11\/06\/prefeitura-realiza-vacinacao-contra-febre-aftosa-em-rebanhos\/"},"modified":"2023-11-06T15:33:01","modified_gmt":"2023-11-06T18:33:01","slug":"prefeitura-realiza-vacinacao-contra-febre-aftosa-em-rebanhos","status":"publish","type":"post","link":"https:\/\/novasdodia.com.br\/index.php\/2023\/11\/06\/prefeitura-realiza-vacinacao-contra-febre-aftosa-em-rebanhos\/","title":{"rendered":"Prefeitura realiza vacina\u00e7\u00e3o contra febre aftosa em rebanhos"},"content":{"rendered":"<p><\/p>\n<div>\n<p><b>Jos\u00e9 Roberto Amaral<\/b><br \/>&#13;<br \/>\n&#13;<br \/>\n                <span style=\"font-weight: bold;\">Secretaria de Inova\u00e7\u00e3o e Desenvolvimento Econ\u00f4mico<\/span><\/p>\n<p>A Prefeitura de S\u00e3o Jos\u00e9 dos Campos iniciou nesta segunda-feira (6) a vacina\u00e7\u00e3o gratuita de rebanhos contra a febre aftosa. A campanha vai at\u00e9 30 de novembro e atende pequenos produtores rurais do munic\u00edpio.<\/p>\n<p>Nessa etapa, ser\u00e3o vacinados bovinos e bubalinos (b\u00fafalos), de 0 a 24 meses de idade.<\/p>\n<p>Os produtores j\u00e1 cadastrados em anos anteriores devem aguardar contato da Prefeitura at\u00e9 22 de novembro. Caso n\u00e3o sejam acionados, \u00e9 preciso ligar na Central 156 (telefone, site ou aplicativo) ou ir at\u00e9 a uma das unidades do Ponto Rural para atendimento.<\/p>\n<p>S\u00e3o Jos\u00e9 \u00e9 uma das \u00fanicas cidades do Brasil que oferece a vacina\u00e7\u00e3o gratuita e equipe t\u00e9cnica para aplica\u00e7\u00e3o. Est\u00e3o sendo disponibilizadas 5 mil doses para a atual campanha de imuniza\u00e7\u00e3o.<\/p>\n<p>A equipe de vacina\u00e7\u00e3o atende os produtores diretamente nas propriedades rurais.\u00a0<\/p>\n<p>A vacina\u00e7\u00e3o contra a aftosa \u00e9 obrigat\u00f3ria, realizada h\u00e1 cada seis meses. O criador que n\u00e3o vacinar ou deixar de comunicar a vacina\u00e7\u00e3o \u00e0 Defesa Agropecu\u00e1ria do Estado pode ser multado.<\/p>\n<p>A febre aftosa \u00e9 uma das doen\u00e7as animais mais contagiosas e causa grandes perdas econ\u00f4micas aos produtores.<\/p>\n<p>Nos primeiros dias antes da manifesta\u00e7\u00e3o das feridas os animais apresentam falta de apetite, calafrios, febre e redu\u00e7\u00e3o da produtividade de leite.<\/p>\n<p>A aftosa n\u00e3o representa risco para a sa\u00fade humana. A doen\u00e7a n\u00e3o \u00e9 transmitida pelo consumo de carne, leite e derivados de animais infectados.<\/p>\n<p><span class=\"intertitulo\">Servi\u00e7o<\/span><\/p>\n<p><strong>Ponto Rural Alto da Ponte<\/strong><\/p>\n<p>Rua Alziro Lebr\u00e3o, 240, Alto da Ponte. Tel. (12) 3911-6915<\/p>\n<p><strong>Ponto Rural S\u00e3o Francisco Xavier<\/strong><\/p>\n<p>Rua XV de Novembro, 1.900, Centro. Tel. (12) 3926-1790\u00a0<\/p>\n<p>Secretaria de Inova\u00e7\u00e3o e Desenvolvimento Econ\u00f4mico: Tel. (12) 3878-9534<\/p>\n<p>\u00a0<\/p>\n<p>&#13;<br \/>\n                        <strong>MAIS NOT\u00cdCIAS<\/strong><br \/>&#13;<br \/>\n                        Secretaria de Inova\u00e7\u00e3o e Desenvolvimento Econ\u00f4mico&#13;\n                    <\/p>\n<\/p><\/div>\n","protected":false},"excerpt":{"rendered":"<p>Jos\u00e9 Roberto Amaral&#13; &#13; Secretaria de Inova\u00e7\u00e3o e Desenvolvimento Econ\u00f4mico A Prefeitura de S\u00e3o Jos\u00e9 dos Campos iniciou nesta segunda-feira (6) a vacina\u00e7\u00e3o gratuita de rebanhos contra a febre aftosa. A campanha vai at\u00e9 30 de novembro e atende pequenos produtores rurais do munic\u00edpio. Nessa etapa, ser\u00e3o vacinados bovinos e bubalinos (b\u00fafalos), de 0 a [&hellip;]<\/p>\n","protected":false},"author":1,"featured_media":0,"comment_status":"open","ping_status":"open","sticky":false,"template":"","format":"standard","meta":{"footnotes":""},"categories":[1],"tags":[],"class_list":["post-10855","post","type-post","status-publish","format-standard","hentry","category-noticias"],"amp_enabled":true,"_links":{"self":[{"href":"https:\/\/novasdodia.com.br\/index.php\/wp-json\/wp\/v2\/posts\/10855","targetHints":{"allow":["GET"]}}],"collection":[{"href":"https:\/\/novasdodia.com.br\/index.php\/wp-json\/wp\/v2\/posts"}],"about":[{"href":"https:\/\/novasdodia.com.br\/index.php\/wp-json\/wp\/v2\/types\/post"}],"author":[{"embeddable":true,"href":"https:\/\/novasdodia.com.br\/index.php\/wp-json\/wp\/v2\/users\/1"}],"replies":[{"embeddable":true,"href":"https:\/\/novasdodia.com.br\/index.php\/wp-json\/wp\/v2\/comments?post=10855"}],"version-history":[{"count":0,"href":"https:\/\/novasdodia.com.br\/index.php\/wp-json\/wp\/v2\/posts\/10855\/revisions"}],"wp:attachment":[{"href":"https:\/\/novasdodia.com.br\/index.php\/wp-json\/wp\/v2\/media?parent=10855"}],"wp:term":[{"taxonomy":"category","embeddable":true,"href":"https:\/\/novasdodia.com.br\/index.php\/wp-json\/wp\/v2\/categories?post=10855"},{"taxonomy":"post_tag","embeddable":true,"href":"https:\/\/novasdodia.com.br\/index.php\/wp-json\/wp\/v2\/tags?post=10855"}],"curies":[{"name":"wp","href":"https:\/\/api.w.org\/{rel}","templated":true}]}}