{"id":10856,"date":"2023-11-06T16:06:19","date_gmt":"2023-11-06T19:06:19","guid":{"rendered":"https:\/\/novasdodia.com.br\/index.php\/2023\/11\/06\/tema-do-enem-trabalho-de-cuidado-e-realidade-que-nao-passa-despercebida-pelo-governo-de-ms-portal-do-governo-de-mato-grosso-do-sul\/"},"modified":"2023-11-06T16:06:19","modified_gmt":"2023-11-06T19:06:19","slug":"tema-do-enem-trabalho-de-cuidado-e-realidade-que-nao-passa-despercebida-pelo-governo-de-ms-portal-do-governo-de-mato-grosso-do-sul","status":"publish","type":"post","link":"https:\/\/novasdodia.com.br\/index.php\/2023\/11\/06\/tema-do-enem-trabalho-de-cuidado-e-realidade-que-nao-passa-despercebida-pelo-governo-de-ms-portal-do-governo-de-mato-grosso-do-sul\/","title":{"rendered":"Tema do Enem, trabalho de cuidado \u00e9 realidade que n\u00e3o passa despercebida pelo Governo de MS \u2013 Portal do Governo de Mato Grosso do Sul"},"content":{"rendered":"<p><\/p>\n<div>\n<p>Anualmente o t\u00e3o aguardado Enem (Exame Nacional do Ensino M\u00e9dio) traz temas de reda\u00e7\u00e3o que, al\u00e9m de exigir preparado dos vestibulandos que realizam a prova, tamb\u00e9m suscitam discuss\u00f5es em toda a sociedade brasileira. Em 2023 a abordagem da prova feita no domingo (5) foi &#8216;Desafios para o enfrentamento da invisibilidade do trabalho de cuidado realizado pela mulher no Brasil&#8217;, fazendo emergir de imediato um debate nacional sobre a quest\u00e3o.<\/p>\n<p>Contudo, tal debate n\u00e3o come\u00e7ou ontem nos setores acostumados com tal realidade no dia a dia, as \u00e1reas de cidadania, direitos humanos e assist\u00eancia social, al\u00e9m das fam\u00edlias que vivem essa situa\u00e7\u00e3o cotidianamente e despertaram a aten\u00e7\u00e3o do Governo de Mato Grosso do Sul j\u00e1 h\u00e1 algum tempo, fomentando a cria\u00e7\u00e3o de programa de assist\u00eancia nesse sentido.<\/p>\n<p>E assim, para atender esse estrato da sociedade \u00e9 que foi lan\u00e7ado h\u00e1 um m\u00eas pelo governador Eduardo Riedel e pela Sead (Secret\u00e1ria de Estado de Assist\u00eancia Social e Direitos Humanos), pasta chefiada por Patr\u00edcia Cozzolino, o <span style=\"color: #0000ff;\">programa &#8216;Cuidar de Quem Cuida&#8217;<\/span>.<\/p>\n<p>O programa consiste no oferecimento de aux\u00edlio de R$ 900 mensais para cerca de 2 mil pessoas de baixa renda que precisar tomar conta de algu\u00e9m com defici\u00eancia e est\u00e3o cadastradas no Cad\u00danico em Mato Grosso do Sul. De amplo atendimento, ele n\u00e3o est\u00e1 limitado a mulheres e atende tamb\u00e9m homens que se enquadrem nos crit\u00e9rios de cuidador do programa. As <span style=\"color: #0000ff;\">inscri\u00e7\u00f5es no programa, que podem ser feitas no site da Sead<\/span>, come\u00e7am nesta segunda-feira (6).<\/p>\n<p>&#8220;O &#8216;Cuidar de Quem Cuida&#8217; d\u00e1 um apoio para aquelas, principalmente aquelas [enfatiza durante o discurso], mulheres que est\u00e3o em casa, trabalhando e muitas vezes buscando como se manter com autonomia e condi\u00e7\u00e3o. \u00c9 um programa para quem realmente precisa&#8221;, destaca o governador Eduardo Riedel durante fala no a UEMS, em evento de lan\u00e7amento de novos cursos superiores.<\/p>\n<div id=\"gallery-1\" class=\"gallery galleryid-455658 gallery-columns-2 gallery-size-large\">\n<figure class=\"gallery-item\">\n<div class=\"gallery-icon landscape\"><\/div>\n<\/figure>\n<figure class=\"gallery-item\">\n<div class=\"gallery-icon landscape\"><\/div>\n<\/figure><\/div>\n<p>Lan\u00e7ado no in\u00edcio de outubro, o projeto foi para aprova\u00e7\u00e3o da Assembleia Legislativa e, em 1\u00ba de novembro, publicado o <span style=\"color: #0000ff;\">decreto de regulamenta\u00e7\u00e3o do programa<\/span> pelo Governo do Estado. A secret\u00e1ria Patr\u00edcia Cozzolino explica que o Cuidar de Quem Cuida \u00e9 um programa que vem ao encontro de pessoas na sociedade que dedicam exclusivamente para as pessoas com defici\u00eancia.<\/p>\n<p>&#8220;O objetivo do programa \u00e9 garantir ao cuidador uma sa\u00fade f\u00edsica, mental e tamb\u00e9m uma seguran\u00e7a alimentar. Identificamos essas fam\u00edlias e constatamos uma real necessidade de apoia-las. Al\u00e9m do benef\u00edcio em dinheiro, tamb\u00e9m teremos nossas equipes com um acompanhamento de suporte a esse cuidador&#8221;, comenta a secret\u00e1ria. A renda familiar per capita dos cuidadores aptos a aderir ao programa n\u00e3o deve ultrapassar 1\/6 (um sexto) do sal\u00e1rio m\u00ednimo vigente.<\/p>\n<p>A Sead far\u00e1 visitas aos candidatos, com base nos dados do Cad\u00danico, verificando presencialmente a elegibilidade desses cuidadores ao benef\u00edcio social &#8211; a\u00e7\u00e3o complementada pela <span style=\"color: #0000ff;\">pr\u00e9-ades\u00e3o realizada no site da Sead<\/span>. Durante a perman\u00eancia no programa, o cuidador e a pessoa sob sua responsabilidade ser\u00e3o acompanhados por equipe multidisciplinar do Governo.<\/p>\n<p>O programa ir\u00e1 atender cuidadores de PcDs (Pessoas com Defici\u00eancia) n\u00edvel 2 e 3, que s\u00e3o aqueles que n\u00e3o podem viver sozinhos e precisam de cuidador em tempo integral. &#8220;\u00c9 um programa bem interessante porque tem pessoas com um familiar em casa e que precisa de cuidados e a pessoa n\u00e3o tem como se manter e cuidar desse idoso. Significa que o Governo est\u00e1 pensando nas pessoas&#8221;, opinou no lan\u00e7amento do programa a cuidadora Ademilde Carvalho.<\/p>\n<p><em>Nyelder Rodrigues, Comunica\u00e7\u00e3o Governo de MS<\/em><br \/><em>*colaborou Leomar Alves, da Sead<\/em><br \/><em>Fotos: \u00c1lvaro Rezende<\/em><\/p>\n<p>&#8212;<br \/><strong>Relacionada:<\/strong><\/p>\n<blockquote class=\"wp-embedded-content\" data-secret=\"PcMgPwpSdA\">\n<p>Cuidadores de pessoas com defici\u00eancias v\u00e3o receber aux\u00edlio de R$ 900 por m\u00eas em MS<\/p>\n<\/blockquote>\n<p><iframe loading=\"lazy\" class=\"wp-embedded-content\" sandbox=\"allow-scripts\" security=\"restricted\" style=\"position: absolute; clip: rect(1px, 1px, 1px, 1px);\" title=\"\u201cCuidadores de pessoas com defici\u00eancias v\u00e3o receber aux\u00edlio de R$ 900 por m\u00eas em MS\u201d \u2014 Portal do Governo de Mato Grosso do Sul\" src=\"https:\/\/agenciadenoticias.ms.gov.br\/cuidadores-de-pessoas-com-deficiencias-vao-receber-auxilio-de-r-900-por-mes-em-ms\/embed\/#?secret=ilwHp32gxF#?secret=PcMgPwpSdA\" data-secret=\"PcMgPwpSdA\" width=\"500\" height=\"282\" frameborder=\"0\" marginwidth=\"0\" marginheight=\"0\" scrolling=\"no\"><\/iframe><\/p>\n<\/div>\n","protected":false},"excerpt":{"rendered":"<p>Anualmente o t\u00e3o aguardado Enem (Exame Nacional do Ensino M\u00e9dio) traz temas de reda\u00e7\u00e3o que, al\u00e9m de exigir preparado dos vestibulandos que realizam a prova, tamb\u00e9m suscitam discuss\u00f5es em toda a sociedade brasileira. Em 2023 a abordagem da prova feita no domingo (5) foi &#8216;Desafios para o enfrentamento da invisibilidade do trabalho de cuidado realizado [&hellip;]<\/p>\n","protected":false},"author":1,"featured_media":0,"comment_status":"open","ping_status":"open","sticky":false,"template":"","format":"standard","meta":{"footnotes":""},"categories":[],"tags":[],"class_list":["post-10856","post","type-post","status-publish","format-standard","hentry"],"amp_enabled":true,"_links":{"self":[{"href":"https:\/\/novasdodia.com.br\/index.php\/wp-json\/wp\/v2\/posts\/10856","targetHints":{"allow":["GET"]}}],"collection":[{"href":"https:\/\/novasdodia.com.br\/index.php\/wp-json\/wp\/v2\/posts"}],"about":[{"href":"https:\/\/novasdodia.com.br\/index.php\/wp-json\/wp\/v2\/types\/post"}],"author":[{"embeddable":true,"href":"https:\/\/novasdodia.com.br\/index.php\/wp-json\/wp\/v2\/users\/1"}],"replies":[{"embeddable":true,"href":"https:\/\/novasdodia.com.br\/index.php\/wp-json\/wp\/v2\/comments?post=10856"}],"version-history":[{"count":0,"href":"https:\/\/novasdodia.com.br\/index.php\/wp-json\/wp\/v2\/posts\/10856\/revisions"}],"wp:attachment":[{"href":"https:\/\/novasdodia.com.br\/index.php\/wp-json\/wp\/v2\/media?parent=10856"}],"wp:term":[{"taxonomy":"category","embeddable":true,"href":"https:\/\/novasdodia.com.br\/index.php\/wp-json\/wp\/v2\/categories?post=10856"},{"taxonomy":"post_tag","embeddable":true,"href":"https:\/\/novasdodia.com.br\/index.php\/wp-json\/wp\/v2\/tags?post=10856"}],"curies":[{"name":"wp","href":"https:\/\/api.w.org\/{rel}","templated":true}]}}