{"id":11186,"date":"2023-11-11T12:40:53","date_gmt":"2023-11-11T15:40:53","guid":{"rendered":"https:\/\/novasdodia.com.br\/index.php\/2023\/11\/11\/amplifica-discute-lei-que-obriga-ensino-de-historia-afro-brasileira-ifsp\/"},"modified":"2023-11-11T12:40:53","modified_gmt":"2023-11-11T15:40:53","slug":"amplifica-discute-lei-que-obriga-ensino-de-historia-afro-brasileira-ifsp","status":"publish","type":"post","link":"https:\/\/novasdodia.com.br\/index.php\/2023\/11\/11\/amplifica-discute-lei-que-obriga-ensino-de-historia-afro-brasileira-ifsp\/","title":{"rendered":"Amplifica discute Lei que obriga ensino de hist\u00f3ria afro-brasileira &#8211; IFSP"},"content":{"rendered":"<p><\/p>\n<div>\n<div class=\"subtitle\">\n<p>Epis\u00f3dio\u00a0vai ao ar na quinta-feira, a partir das 15h<\/p>\n<\/div>\n<p><!-- fim .content-header-options-1 --><\/p>\n<p>O Instituto Federal de S\u00e3o Paulo lan\u00e7ou, em fevereiro de 2020,\u00a0o Projeto Amplifica, que tem como objetivo identificar e debater temas que problematizam quest\u00f5es relacionadas com sa\u00fade, qualidade de vida, cultura e sociedade, na perspectiva de emancipar a comunidade interna. A cada semana \u00e9 discutido, por meio de uma live, um tema diferente, com a participa\u00e7\u00e3o\u00a0de profissionais experientes em cada assunto.\u00a0<\/p>\n<p>O epis\u00f3dio desta quinta (9)\u00a0trata sobre os 20 anos da Lei 10.639, que estabelece a obrigatoriedade do ensino de &#8220;hist\u00f3ria e cultura afro-brasileira, com o professor Dr. Leonardo Borges da Cruz (NEABI-IFSP).<\/p>\n<p>\u00a0<\/p>\n<p>\u00a0<iframe loading=\"lazy\" title=\"Amplifica - 20 anos de 10639 sem arrependimento\" width=\"640\" height=\"360\" src=\"https:\/\/www.youtube.com\/embed\/T6jp-4h8474?feature=oembed\" frameborder=\"0\" allow=\"accelerometer; autoplay; clipboard-write; encrypted-media; gyroscope; picture-in-picture; web-share\" referrerpolicy=\"strict-origin-when-cross-origin\" allowfullscreen><\/iframe><\/p>\n<p>\u00a0\u00a0<\/p>\n<p>\u00a0Confira o cronograma do m\u00eas de novembro:<\/p>\n<p>Desenvolvido\u00a0por meio de um projeto institucional com a professora Marina Kanthack Paccini Razze, o projeto surgiu da percep\u00e7\u00e3o da for\u00e7a da coletividade, para ampliar saberes e contribuir para o surgimento de uma sociedade mais esclarecida.<\/p>\n<p>Para isso, o projeto reuniu profissionais de diferentes \u00e1reas do conhecimento, que, de forma virtual, oferecer\u00e3o: palestras, oficinas, minicursos, rodas de conversa, mesas tem\u00e1ticas e v\u00eddeos curtos com dicas sobre temas variados e desafiadores que dizem respeito ao nosso viver, em suas m\u00faltiplas dimens\u00f5es.<\/p>\n<p>As a\u00e7\u00f5es est\u00e3o previstas para serem transmitidas semanalmente, \u00e0s quintas-feiras, \u00e0s 15h, no canal do IFSP no Youtube. O projeto conta com o apoio da Pr\u00f3-Reitoria de Desenvolvimento Institucional.\u00a0<\/p>\n<p>Acesse aqui a p\u00e1gina do Amplifica no site do IFSP.<\/p>\n<p>Perdeu ou quer rever uma palestra? Acesse as transmiss\u00f5es anteriores aqui.\u00a0<\/p>\n<p>Entre em contato com o projeto por meio do e-mail <!-- This email address is being protected from spambots. --><span class=\"cloaked_email ep_ecf6b022\"><span data-ep-be81b=\"r\" data-ep-a41d6=\"ampl\"><span data-ep-be81b=\"du.b\" data-ep-a41d6=\"ific\"><span data-ep-be81b=\"sp.e\" data-ep-a41d6=\"a@if\"\/><\/span><\/span><\/span><span class=\"cloaked_email ep_3ccda6ec\" style=\"display:none;\"><span data-ep-be81b=\"r\" data-ep-a41d6=\"ampl\"><span data-ep-a41d6=\"ific\" data-ep-be81b=\"du.b\"><span data-ep-a41d6=\"a@if\" data-ep-be81b=\"sp.e\"\/><\/span><\/span><\/span>.\u00a0<\/p>\n<p>\u00a0<\/p>\n<\/p>\n<p>\u00a0\u00a0<\/p>\n<p>\u00a0<\/p>\n<\/div>\n<p><script>(function(d, s, id) {\n  var js, fjs = d.getElementsByTagName(s)[0];\n  if (d.getElementById(id)) return;\n  js = d.createElement(s); js.id = id;\n  js.src = \"\/\/connect.facebook.net\/pt_BR\/all.js#xfbml=1&appId=509544779073047\";\n  fjs.parentNode.insertBefore(js, fjs);\n }(document, 'script', 'facebook-jssdk'));<\/script><\/p>\n","protected":false},"excerpt":{"rendered":"<p>Epis\u00f3dio\u00a0vai ao ar na quinta-feira, a partir das 15h O Instituto Federal de S\u00e3o Paulo lan\u00e7ou, em fevereiro de 2020,\u00a0o Projeto Amplifica, que tem como objetivo identificar e debater temas que problematizam quest\u00f5es relacionadas com sa\u00fade, qualidade de vida, cultura e sociedade, na perspectiva de emancipar a comunidade interna. A cada semana \u00e9 discutido, por [&hellip;]<\/p>\n","protected":false},"author":1,"featured_media":0,"comment_status":"open","ping_status":"open","sticky":false,"template":"","format":"standard","meta":{"footnotes":""},"categories":[1],"tags":[],"class_list":["post-11186","post","type-post","status-publish","format-standard","hentry","category-noticias"],"amp_enabled":true,"_links":{"self":[{"href":"https:\/\/novasdodia.com.br\/index.php\/wp-json\/wp\/v2\/posts\/11186","targetHints":{"allow":["GET"]}}],"collection":[{"href":"https:\/\/novasdodia.com.br\/index.php\/wp-json\/wp\/v2\/posts"}],"about":[{"href":"https:\/\/novasdodia.com.br\/index.php\/wp-json\/wp\/v2\/types\/post"}],"author":[{"embeddable":true,"href":"https:\/\/novasdodia.com.br\/index.php\/wp-json\/wp\/v2\/users\/1"}],"replies":[{"embeddable":true,"href":"https:\/\/novasdodia.com.br\/index.php\/wp-json\/wp\/v2\/comments?post=11186"}],"version-history":[{"count":0,"href":"https:\/\/novasdodia.com.br\/index.php\/wp-json\/wp\/v2\/posts\/11186\/revisions"}],"wp:attachment":[{"href":"https:\/\/novasdodia.com.br\/index.php\/wp-json\/wp\/v2\/media?parent=11186"}],"wp:term":[{"taxonomy":"category","embeddable":true,"href":"https:\/\/novasdodia.com.br\/index.php\/wp-json\/wp\/v2\/categories?post=11186"},{"taxonomy":"post_tag","embeddable":true,"href":"https:\/\/novasdodia.com.br\/index.php\/wp-json\/wp\/v2\/tags?post=11186"}],"curies":[{"name":"wp","href":"https:\/\/api.w.org\/{rel}","templated":true}]}}