{"id":11193,"date":"2023-11-11T16:07:24","date_gmt":"2023-11-11T19:07:24","guid":{"rendered":"https:\/\/novasdodia.com.br\/index.php\/2023\/11\/11\/tete-espindola-e-orquestra-de-maestro-martinelli-brilham-na-catedral-em-corumba-portal-do-governo-de-mato-grosso-do-sul\/"},"modified":"2023-11-11T16:07:24","modified_gmt":"2023-11-11T19:07:24","slug":"tete-espindola-e-orquestra-de-maestro-martinelli-brilham-na-catedral-em-corumba-portal-do-governo-de-mato-grosso-do-sul","status":"publish","type":"post","link":"https:\/\/novasdodia.com.br\/index.php\/2023\/11\/11\/tete-espindola-e-orquestra-de-maestro-martinelli-brilham-na-catedral-em-corumba-portal-do-governo-de-mato-grosso-do-sul\/","title":{"rendered":"Tet\u00ea Esp\u00edndola e Orquestra de Maestro Martinelli brilham na Catedral em Corumb\u00e1 \u2013 Portal do Governo de Mato Grosso do Sul"},"content":{"rendered":"<p><\/p>\n<div><!--[if lt IE 9]><![endif]--><br \/>\n<audio class=\"wp-audio-shortcode\" id=\"audio-456325-1\" preload=\"none\" style=\"width: 100%;\" controls=\"controls\"><source type=\"audio\/mpeg\" src=\"https:\/\/agenciadenoticias.ms.gov.br\/wp-content\/uploads\/2023\/11\/10.11.23-FAS-TETE-ESPINDOLA-PORTAL.mp3?_=1\"\/>https:\/\/agenciadenoticias.ms.gov.br\/wp-content\/uploads\/2023\/11\/10.11.23-FAS-TETE-ESPINDOLA-PORTAL.mp3<\/audio><\/p>\n<p>A Catedral de Nossa Senhora da Candel\u00e1ria teve o privil\u00e9gio de receber uma das vozes mais angelicais de Mato Grosso do Sul, na manh\u00e3 de sexta-feira (10). A combina\u00e7\u00e3o perfeita de um ambiente sagrado, com a sinfonia da Orquestra de C\u00e2mara do Pantanal, comandada pelo Maestro Eduardo Martinelli e o entoar da voz aguda de Tet\u00ea Esp\u00edndola abrilhantaram ainda mais o dia em Corumb\u00e1.<\/p>\n<p>O sobrenome Esp\u00edndola \u00e9 muito forte no Estado e por onde passa arrasta sua multid\u00e3o. N\u00e3o foi diferente no projeto Catedral Erudita, que reuniu um grande p\u00fablico de todas as idades, desde crian\u00e7as a idosos. Os olhos brilhantes dos f\u00e3s estavam vidrados na artista, que abriu a apresenta\u00e7\u00e3o com o sucesso \u2018Cu\u00f1ataipor\u00e3\u2019, do seu irm\u00e3o Geraldo Esp\u00edndola.<\/p>\n<p>A artista j\u00e1 se apresentou em Corumb\u00e1 muitas vezes, mas no Festival Am\u00e9rica do Sul \u00e9 a primeira vez. Ela diz admirar a pluralidade que o evento traz. \u201cIsso \u00e9 uma responsabilidade, representar o som do local, do Pa\u00eds, cada coisa diferente, cada um com a sua cultura. \u00c9 muito importante, tomara que isso continue, cada vez melhor\u201d.<\/p>\n<\/p>\n<p><strong>Criador de Arte<\/strong><\/p>\n<p>O maestro Martinelli exaltou como \u00e9 fundamental fazer arte em um festival t\u00e3o grandioso como o FAS. \u201cA arte, a cria\u00e7\u00e3o art\u00edstica, \u00e9 uma coisa que a gente pode ver que, de toda a natureza, s\u00f3 o homem faz. Ent\u00e3o, se a gente for pensar bem, \u00e9 uma maneira do homem ser feito \u00e0 imagem e semelhan\u00e7a do pr\u00f3prio Deus, que \u00e9 um criador. Ent\u00e3o, voc\u00ea v\u00ea o ser humano, atrav\u00e9s da sua arte, ele tamb\u00e9m se sente um criador, e a arte faz com que a gente se reconhe\u00e7a enquanto humanidade, enquanto esp\u00e9cie, enquanto povo\u201d, enfatizou o maestro.<\/p>\n<div id=\"gallery-1\" class=\"gallery galleryid-456325 gallery-columns-2 gallery-size-full\">\n<figure class=\"gallery-item\">\n<div class=\"gallery-icon landscape\"><\/div>\n<\/figure>\n<figure class=\"gallery-item\">\n<div class=\"gallery-icon landscape\"><\/div>\n<\/figure><\/div>\n<p>A apresenta\u00e7\u00e3o de Tet\u00ea Esp\u00edndola e da Orquestra de C\u00e2mara do Pantanal encerrou com o sucesso \u2018Escrito nas estrelas\u2019. Quando a artista iniciou com os versos \u201cVoc\u00ea pra mim foi o Sol \/ De uma noite sem fim \/ Que acendeu o que sou \/E renasceu tudo em mim\u201d, a plateia vibrou e cantou junto at\u00e9 o final, aplaudindo de p\u00e9 o espet\u00e1culo.<\/p>\n<p>Galeria de imagens dispon\u00edvel no site:\u00a0https:\/\/www.festivalamericadosul.ms.gov.br\/espetaculo-tete-espindola-e-orquestra-de-maestro-martinelli\/<\/p>\n<p><em>Jo\u00e3o Pedro Flores, Ascom FAS 2023<\/em><br \/><em>Fotos: Bruno Rezende<\/em><\/p>\n<\/div>\n","protected":false},"excerpt":{"rendered":"<p>https:\/\/agenciadenoticias.ms.gov.br\/wp-content\/uploads\/2023\/11\/10.11.23-FAS-TETE-ESPINDOLA-PORTAL.mp3 A Catedral de Nossa Senhora da Candel\u00e1ria teve o privil\u00e9gio de receber uma das vozes mais angelicais de Mato Grosso do Sul, na manh\u00e3 de sexta-feira (10). A combina\u00e7\u00e3o perfeita de um ambiente sagrado, com a sinfonia da Orquestra de C\u00e2mara do Pantanal, comandada pelo Maestro Eduardo Martinelli e o entoar da voz aguda [&hellip;]<\/p>\n","protected":false},"author":1,"featured_media":0,"comment_status":"open","ping_status":"open","sticky":false,"template":"","format":"standard","meta":{"footnotes":""},"categories":[],"tags":[],"class_list":["post-11193","post","type-post","status-publish","format-standard","hentry"],"amp_enabled":true,"_links":{"self":[{"href":"https:\/\/novasdodia.com.br\/index.php\/wp-json\/wp\/v2\/posts\/11193","targetHints":{"allow":["GET"]}}],"collection":[{"href":"https:\/\/novasdodia.com.br\/index.php\/wp-json\/wp\/v2\/posts"}],"about":[{"href":"https:\/\/novasdodia.com.br\/index.php\/wp-json\/wp\/v2\/types\/post"}],"author":[{"embeddable":true,"href":"https:\/\/novasdodia.com.br\/index.php\/wp-json\/wp\/v2\/users\/1"}],"replies":[{"embeddable":true,"href":"https:\/\/novasdodia.com.br\/index.php\/wp-json\/wp\/v2\/comments?post=11193"}],"version-history":[{"count":0,"href":"https:\/\/novasdodia.com.br\/index.php\/wp-json\/wp\/v2\/posts\/11193\/revisions"}],"wp:attachment":[{"href":"https:\/\/novasdodia.com.br\/index.php\/wp-json\/wp\/v2\/media?parent=11193"}],"wp:term":[{"taxonomy":"category","embeddable":true,"href":"https:\/\/novasdodia.com.br\/index.php\/wp-json\/wp\/v2\/categories?post=11193"},{"taxonomy":"post_tag","embeddable":true,"href":"https:\/\/novasdodia.com.br\/index.php\/wp-json\/wp\/v2\/tags?post=11193"}],"curies":[{"name":"wp","href":"https:\/\/api.w.org\/{rel}","templated":true}]}}