{"id":11339,"date":"2023-11-14T02:34:02","date_gmt":"2023-11-14T05:34:02","guid":{"rendered":"https:\/\/novasdodia.com.br\/index.php\/2023\/11\/14\/guardas-prendem-homem-por-desacato-na-rodoviaria-novo-rio-prefeitura-da-cidade-do-rio-de-janeiro\/"},"modified":"2023-11-14T02:34:02","modified_gmt":"2023-11-14T05:34:02","slug":"guardas-prendem-homem-por-desacato-na-rodoviaria-novo-rio-prefeitura-da-cidade-do-rio-de-janeiro","status":"publish","type":"post","link":"https:\/\/novasdodia.com.br\/index.php\/2023\/11\/14\/guardas-prendem-homem-por-desacato-na-rodoviaria-novo-rio-prefeitura-da-cidade-do-rio-de-janeiro\/","title":{"rendered":"Guardas prendem homem por desacato na Rodovi\u00e1ria Novo Rio &#8211; Prefeitura da Cidade do Rio de Janeiro"},"content":{"rendered":"<p><\/p>\n<div id=\"main\">\n<div class=\"wrapper-breadcrumbs\" wp_automatic_readability=\"19.185185185185\">\n<p>Uma equipe do Grupamento T\u00e1tico M\u00f3vel (GTM) prendeu em flagrante, por desacato, um homem de 27 anos que abordava de forma violenta passageiros na \u00e1rea de embarque da Rodovi\u00e1ria Novo Rio, na manh\u00e3 desta segunda-feira (13\/11).<\/p>\n<p>De acordo com o relato dos passageiros, o homem se oferecia para carregar as bagagens de quem chegava ao terminal, mas, com a recusa em aceitar o servi\u00e7o, ele ficava muito alterado e ainda deixava \u00e0 mostra uma faca na cintura como forma de amea\u00e7a.<\/p>\n<p>Com a chegada das equipes, ele ficou ainda mais agressivo, mas foi detido e conduzido para a 17\u00aa DP (S\u00e3o Crist\u00f3v\u00e3o), onde o caso foi registrado. A faca tamb\u00e9m ficou apreendida na delegacia.<\/p>\n<p>Equipe da 1\u00aa Inspetoria tamb\u00e9m atuou na ocorr\u00eancia.<\/p>\n<p>             <!-- Compartilhe ---><\/p>\n<p>\t\t\t <!-- TAGS --><\/p>\n<section class=\"category-tags\">\n<article class=\"tags\">\n\t\t\t\t\tMarca\u00e7\u00f5es: Guarda Municipal pris\u00e3o Rodovi\u00e1ria Novo Rio<br \/><\/article>\n<\/section>\n<p>            <!-- Mais Not&iacute;cias --><\/p>\n<p>\t\t<!-- Conte&uacute;do SIDEBAR --><\/p><\/div>\n<\/p><\/div>\n","protected":false},"excerpt":{"rendered":"<p>Uma equipe do Grupamento T\u00e1tico M\u00f3vel (GTM) prendeu em flagrante, por desacato, um homem de 27 anos que abordava de forma violenta passageiros na \u00e1rea de embarque da Rodovi\u00e1ria Novo Rio, na manh\u00e3 desta segunda-feira (13\/11). De acordo com o relato dos passageiros, o homem se oferecia para carregar as bagagens de quem chegava ao [&hellip;]<\/p>\n","protected":false},"author":1,"featured_media":0,"comment_status":"open","ping_status":"open","sticky":false,"template":"","format":"standard","meta":{"footnotes":""},"categories":[1],"tags":[],"class_list":["post-11339","post","type-post","status-publish","format-standard","hentry","category-noticias"],"amp_enabled":true,"_links":{"self":[{"href":"https:\/\/novasdodia.com.br\/index.php\/wp-json\/wp\/v2\/posts\/11339","targetHints":{"allow":["GET"]}}],"collection":[{"href":"https:\/\/novasdodia.com.br\/index.php\/wp-json\/wp\/v2\/posts"}],"about":[{"href":"https:\/\/novasdodia.com.br\/index.php\/wp-json\/wp\/v2\/types\/post"}],"author":[{"embeddable":true,"href":"https:\/\/novasdodia.com.br\/index.php\/wp-json\/wp\/v2\/users\/1"}],"replies":[{"embeddable":true,"href":"https:\/\/novasdodia.com.br\/index.php\/wp-json\/wp\/v2\/comments?post=11339"}],"version-history":[{"count":0,"href":"https:\/\/novasdodia.com.br\/index.php\/wp-json\/wp\/v2\/posts\/11339\/revisions"}],"wp:attachment":[{"href":"https:\/\/novasdodia.com.br\/index.php\/wp-json\/wp\/v2\/media?parent=11339"}],"wp:term":[{"taxonomy":"category","embeddable":true,"href":"https:\/\/novasdodia.com.br\/index.php\/wp-json\/wp\/v2\/categories?post=11339"},{"taxonomy":"post_tag","embeddable":true,"href":"https:\/\/novasdodia.com.br\/index.php\/wp-json\/wp\/v2\/tags?post=11339"}],"curies":[{"name":"wp","href":"https:\/\/api.w.org\/{rel}","templated":true}]}}