{"id":11527,"date":"2023-11-17T05:38:59","date_gmt":"2023-11-17T08:38:59","guid":{"rendered":"https:\/\/novasdodia.com.br\/index.php\/2023\/11\/17\/time-sp-paralimpico-estreia-nos-jogos-parapan-americanos-do-chile-nesta-sexta-feira\/"},"modified":"2023-11-17T05:38:59","modified_gmt":"2023-11-17T08:38:59","slug":"time-sp-paralimpico-estreia-nos-jogos-parapan-americanos-do-chile-nesta-sexta-feira","status":"publish","type":"post","link":"https:\/\/novasdodia.com.br\/index.php\/2023\/11\/17\/time-sp-paralimpico-estreia-nos-jogos-parapan-americanos-do-chile-nesta-sexta-feira\/","title":{"rendered":"Time SP Paral\u00edmpico estreia nos Jogos Parapan-Americanos do Chile nesta sexta-feira"},"content":{"rendered":"<p><img decoding=\"async\" src=\"https:\/\/www.saopaulo.sp.gov.br\/wp-content\/uploads\/2023\/11\/Time-SP.jpg\" \/><\/p>\n<div id=\"\">&#13;<\/p>\n<p>Mais da metade dos atletas que integram o Time S\u00e3o Paulo Paral\u00edmpico v\u00e3o disputar os Jogos Parapan-Americanos que come\u00e7am nesta sexta-feira (17) em Santiago, no Chile, e se encerram em 26 de novembro. Dos 106 atletas que comp\u00f5em o Time SP, 61 foram convocados para formar a delega\u00e7\u00e3o brasileira que conta, ao todo, com 324 atletas paral\u00edmpicos de 17 modalidades para representar o Brasil na capital chilena.<\/p>\n<p>Criado e patrocinado pelo Governo de S\u00e3o Paulo, por meio da Secretaria de Estado dos Direitos da Pessoa com Defici\u00eancia (SEDPcD) em parceria com o Comit\u00ea Paral\u00edmpico Brasileiro (CPB), o Time SP conta com R$ 6 milh\u00f5es de investimento da SEDPcD direcionados a 106 atletas de 14 modalidades, que t\u00eam representado o Estado e o Pa\u00eds em campeonatos nacionais e mundiais ao longo do ano.<\/p>\n<p>As modalidades que ser\u00e3o disputadas pelos atletas brasileiros no Parapan ser\u00e3o as de atletismo, badminton, basquete em cadeira de rodas, bocha, ciclismo, futebol PC (para pessoas com paralisia cerebral), futebol de cegos, goalball, jud\u00f4, halterofilismo, nata\u00e7\u00e3o, r\u00fagbi em cadeira de rodas, taekwondo, t\u00eanis em cadeira de rodas, t\u00eanis de mesa, tiro com arco e tiro esportivo. Pelo Time SP, ser\u00e3o nove: atletismo, bocha, ciclismo, goalball, halterofilismo, jud\u00f4, nata\u00e7\u00e3o, taekwondo e t\u00eanis de mesa.<\/p>\n<p>Nesta edi\u00e7\u00e3o do Parapan, 33 pa\u00edses participam dos Jogos. Na \u00faltima edi\u00e7\u00e3o em Lima, em 2019, o Brasil conquistou a primeira posi\u00e7\u00e3o do quadro de medalhas ao alcan\u00e7ar a marca in\u00e9dita de 308 medalhas, sendo 124 de ouro, 99 de prata e 85 de bronze. Nas tr\u00eas edi\u00e7\u00f5es anteriores a esta \u2013 Toronto, em 2015; Guadalajara, em 2011; e Rio, em 2007 -; os atletas brasileiros tamb\u00e9m conquistaram a primeira posi\u00e7\u00e3o do quadro de medalhas. Portanto, o Brasil lidera o quadro de medalhas desde a edi\u00e7\u00e3o do Rio, em 2007.<\/p>\n<p><strong>Confira abaixo os atletas do Time SP convocados:<\/strong><\/p>\n<p><strong>Ciclismo:<\/strong> Andr\u00e9 Luiz Grizante, Lauro Cesar Moro Chaman, Mariana Garcia e Sabrina Custodia Da Silva.<\/p>\n<p><strong>Goalball:<\/strong> Josemarcio Da Silva Sousa, Katia Aparecida Ferreira Silva, Leomon Moreno da Silva, Moniza Aparecida De Lima e Romario Diego Marques.<\/p>\n<p><strong>Halterofilismo:<\/strong> Mariana Dandrea.<\/p>\n<p><strong>Jud\u00f4:<\/strong> Elielton Lira de Oliveira, Giulia dos Santos Pereira, Harlley Dami\u00e3o Pereira Arruda, Lucia da Silva Teixeira Araujo e Rebeca de Souza Silva.<\/p>\n<p><strong>Taekwondo:<\/strong> Nathan Cesar Sodario Torquato.<\/p>\n<p><strong>T\u00eanis de Mesa:<\/strong> Catia Cristina da Silva Oliveira, Danielle Rauen, Israel Pereira Stroh, Jennyfer Marques Parinos, Joyce Fernanda de Oliveira, Lucas Carvalhal Arabian, Marliane Amaral Santos, Paulo Sergio Salmin Filho.<\/p>\n<p><strong>Atletismo:<\/strong> Alessandro Rodrigo da Silva, Aline dos Santos Rocha, Christian Gabriel Luiz da Costa, Claudiney Batista dos Santos, Cristian Westemaier Ribera, Daniel Mendes da Silva, Daniel Tavares Martins, Elizabeth Rodrigues Gomes, Jardenia Felix Barbosa da Silva, Jerusa Geber dos Santos, Julio Cesar Agripino dos Santos, Lorena Silva Spoladore, Marcelly Vitoria Pedroso, Marco Aur\u00e9lio Lima Borges, Matheus de Lima, Paulo Henrique Andrade dos Reis, Raissa Rocha Machado, Rayane Soares da Silva, Samuel Oliveira Concei\u00e7\u00e3o, Silvania Costa de Oliveira e Thiago Paulino dos Santos.<\/p>\n<p><strong>Bocha:<\/strong> Evani Soares da Silva Calado, Evelyn Vieira de Oliveira e Maciel de Sousa Santos.<\/p>\n<p><strong>Nata\u00e7\u00e3o:<\/strong> Ana Karolina Soares de Oliveira, Andrey Ribeiro Woyczak Madeira, Cecilia Kethlen Jeronimo de Araujo, Ed\u00eania Nogueira Garcia, Esthefany de Oliveira Rodrigues, Gabriel Cristiano Silva de Souza, Jos\u00e9 Ronaldo da Silva, Lucas Lamente Mozela, Lucilene da Silva Sousa, Phelipe Andrews Melo Rodrigues, Raquel Viel, Roberto Alcalde Rodriguez e Talisson Henrique Glock.<\/p>\n<p>Siga o canal \u201cGoverno de S\u00e3o Paulo\u201d no WhatsApp:<br \/>https:\/\/bit.ly\/govspnozap<\/p>\n<\/p><\/div>\n","protected":false},"excerpt":{"rendered":"<p>&#13; Mais da metade dos atletas que integram o Time S\u00e3o Paulo Paral\u00edmpico v\u00e3o disputar os Jogos Parapan-Americanos que come\u00e7am nesta sexta-feira (17) em Santiago, no Chile, e se encerram em 26 de novembro. Dos 106 atletas que comp\u00f5em o Time SP, 61 foram convocados para formar a delega\u00e7\u00e3o brasileira que conta, ao todo, com [&hellip;]<\/p>\n","protected":false},"author":1,"featured_media":0,"comment_status":"open","ping_status":"open","sticky":false,"template":"","format":"standard","meta":{"footnotes":""},"categories":[1],"tags":[],"class_list":["post-11527","post","type-post","status-publish","format-standard","hentry","category-noticias"],"amp_enabled":true,"_links":{"self":[{"href":"https:\/\/novasdodia.com.br\/index.php\/wp-json\/wp\/v2\/posts\/11527","targetHints":{"allow":["GET"]}}],"collection":[{"href":"https:\/\/novasdodia.com.br\/index.php\/wp-json\/wp\/v2\/posts"}],"about":[{"href":"https:\/\/novasdodia.com.br\/index.php\/wp-json\/wp\/v2\/types\/post"}],"author":[{"embeddable":true,"href":"https:\/\/novasdodia.com.br\/index.php\/wp-json\/wp\/v2\/users\/1"}],"replies":[{"embeddable":true,"href":"https:\/\/novasdodia.com.br\/index.php\/wp-json\/wp\/v2\/comments?post=11527"}],"version-history":[{"count":0,"href":"https:\/\/novasdodia.com.br\/index.php\/wp-json\/wp\/v2\/posts\/11527\/revisions"}],"wp:attachment":[{"href":"https:\/\/novasdodia.com.br\/index.php\/wp-json\/wp\/v2\/media?parent=11527"}],"wp:term":[{"taxonomy":"category","embeddable":true,"href":"https:\/\/novasdodia.com.br\/index.php\/wp-json\/wp\/v2\/categories?post=11527"},{"taxonomy":"post_tag","embeddable":true,"href":"https:\/\/novasdodia.com.br\/index.php\/wp-json\/wp\/v2\/tags?post=11527"}],"curies":[{"name":"wp","href":"https:\/\/api.w.org\/{rel}","templated":true}]}}