{"id":11542,"date":"2023-11-17T08:55:36","date_gmt":"2023-11-17T11:55:36","guid":{"rendered":"https:\/\/novasdodia.com.br\/index.php\/2023\/11\/17\/altas-temperaturas-e-baixa-umidade-do-ar-em-ms-sao-previstas-para-esta-sexta-feira-portal-do-governo-de-mato-grosso-do-sul\/"},"modified":"2023-11-17T08:55:36","modified_gmt":"2023-11-17T11:55:36","slug":"altas-temperaturas-e-baixa-umidade-do-ar-em-ms-sao-previstas-para-esta-sexta-feira-portal-do-governo-de-mato-grosso-do-sul","status":"publish","type":"post","link":"https:\/\/novasdodia.com.br\/index.php\/2023\/11\/17\/altas-temperaturas-e-baixa-umidade-do-ar-em-ms-sao-previstas-para-esta-sexta-feira-portal-do-governo-de-mato-grosso-do-sul\/","title":{"rendered":"Altas temperaturas e baixa umidade do ar em MS s\u00e3o previstas para esta sexta-feira \u2013 Portal do Governo de Mato Grosso do Sul"},"content":{"rendered":"<p><\/p>\n<div id=\"post-456739\">\n<div class=\"text-center\"><\/div>\n<div class=\"entry\">\n<p>A previs\u00e3o do Cemtec (Centro de Monitoramento do Tempo e do Clima) para esta sexta-feira (17) indica tempo est\u00e1vel, com predom\u00ednio de sol e varia\u00e7\u00e3o de nebulosidade devido a atua\u00e7\u00e3o de uma massa de ar quente e seca. Al\u00e9m disso, ocorre tamb\u00e9m a atua\u00e7\u00e3o do fen\u00f4meno El Ni\u00f1o, que amplifica as altas temperaturas.<\/p>\n<p>Ainda, neste dia podem ocorrer recordes de temperatura m\u00e1xima e umidade relativa do ar m\u00ednima em 2023. Por isso, recomenda-se beber bastante \u00e1gua e evitar exposi\u00e7\u00e3o ao sol nos hor\u00e1rios mais quentes e secos do dia.<\/p>\n<p>Em Campo Grande, os term\u00f4metros marcam 28\u00b0C pela manh\u00e3 e atingem os 39\u00b0C ao longo do dia. Dourados tem m\u00ednima de 25\u00b0C e m\u00e1xima de 40\u00b0C. Na regi\u00e3o Sul, Ponta Por\u00e3 tem m\u00ednima de 27\u00b0C e chega aos 37\u00b0C no per\u00edodo da tarde, enquanto Iguatemi apresenta varia\u00e7\u00e3o entre 26\u00b0C e 38\u00b0C.<\/p>\n<p>No Bols\u00e3o, Parana\u00edba amanhece com 26\u00b0C e tem m\u00e1xima de 39\u00b0C; em Tr\u00eas Lagoas, os valores variam entre 28\u00b0C e 40\u00b0C. Na regi\u00e3o Norte, Coxim registra inicialmente 27\u00b0C, atingindo os 41\u00b0C.<\/p>\n<p>Corumb\u00e1 e Aquidauana, no Pantanal, apresentam m\u00e1ximas de 42\u00b0C, com m\u00ednimas de 28\u00b0C e 29\u00b0C, respectivamente. Em Porto Murtinho, os term\u00f4metros iniciam aos 31\u00b0C e atingem os 43\u00b0C ao longo do dia.<\/p>\n<p><em>Heloisa Duim, Programa de Est\u00e1gio Supervisionado<\/em><br \/><em>Foto: Edemir Rodrigues\/Arquivo<\/em><\/p>\n<\/div><\/div>\n","protected":false},"excerpt":{"rendered":"<p>A previs\u00e3o do Cemtec (Centro de Monitoramento do Tempo e do Clima) para esta sexta-feira (17) indica tempo est\u00e1vel, com predom\u00ednio de sol e varia\u00e7\u00e3o de nebulosidade devido a atua\u00e7\u00e3o de uma massa de ar quente e seca. Al\u00e9m disso, ocorre tamb\u00e9m a atua\u00e7\u00e3o do fen\u00f4meno El Ni\u00f1o, que amplifica as altas temperaturas. Ainda, neste [&hellip;]<\/p>\n","protected":false},"author":1,"featured_media":0,"comment_status":"open","ping_status":"open","sticky":false,"template":"","format":"standard","meta":{"footnotes":""},"categories":[],"tags":[],"class_list":["post-11542","post","type-post","status-publish","format-standard","hentry"],"amp_enabled":true,"_links":{"self":[{"href":"https:\/\/novasdodia.com.br\/index.php\/wp-json\/wp\/v2\/posts\/11542","targetHints":{"allow":["GET"]}}],"collection":[{"href":"https:\/\/novasdodia.com.br\/index.php\/wp-json\/wp\/v2\/posts"}],"about":[{"href":"https:\/\/novasdodia.com.br\/index.php\/wp-json\/wp\/v2\/types\/post"}],"author":[{"embeddable":true,"href":"https:\/\/novasdodia.com.br\/index.php\/wp-json\/wp\/v2\/users\/1"}],"replies":[{"embeddable":true,"href":"https:\/\/novasdodia.com.br\/index.php\/wp-json\/wp\/v2\/comments?post=11542"}],"version-history":[{"count":0,"href":"https:\/\/novasdodia.com.br\/index.php\/wp-json\/wp\/v2\/posts\/11542\/revisions"}],"wp:attachment":[{"href":"https:\/\/novasdodia.com.br\/index.php\/wp-json\/wp\/v2\/media?parent=11542"}],"wp:term":[{"taxonomy":"category","embeddable":true,"href":"https:\/\/novasdodia.com.br\/index.php\/wp-json\/wp\/v2\/categories?post=11542"},{"taxonomy":"post_tag","embeddable":true,"href":"https:\/\/novasdodia.com.br\/index.php\/wp-json\/wp\/v2\/tags?post=11542"}],"curies":[{"name":"wp","href":"https:\/\/api.w.org\/{rel}","templated":true}]}}