{"id":11642,"date":"2023-11-19T00:34:26","date_gmt":"2023-11-19T03:34:26","guid":{"rendered":"https:\/\/novasdodia.com.br\/?p=11642"},"modified":"2023-11-19T00:34:26","modified_gmt":"2023-11-19T03:34:26","slug":"beach-soccer-vasco-nao-e-incluido-na-libertadores-e-protesta-em-nota-netvasco-bola-rolando","status":"publish","type":"post","link":"https:\/\/novasdodia.com.br\/index.php\/2023\/11\/19\/beach-soccer-vasco-nao-e-incluido-na-libertadores-e-protesta-em-nota-netvasco-bola-rolando\/","title":{"rendered":"Beach Soccer: Vasco n\u00e3o \u00e9 inclu\u00eddo na Libertadores e protesta em nota | NETVASCO &#8211; BOLA ROLANDO"},"content":{"rendered":"\n<p>Beach Soccer: Vasco n\u00e3o \u00e9 inclu\u00eddo na Libertadores e protesta em nota  \t\t\t\t\t\t                        S\u00e1bado, 18\/11\/2023  &#8211; 20:56                              \t\t\t\t\tvascobeachsoccer    Torcedor, nesta sexta-feira (17\/11), n\u00f3s do Vasco Beach Soccer fomos pegos de surpresa com o an\u00fancio do clube que ir\u00e1 representar o Brasil na disputa da Copa Libertadores de Futbol Playa 2023.    O representante brasileiro seria o campe\u00e3o de uma competi\u00e7\u00e3o oficial, a ser realizada no segundo semestre, que valeria vaga para a Libertadores.    No entanto, a \u00fanica competi\u00e7\u00e3o realizada na atual temporada foi a 1\u00b0 Etapa do Circuito Brasil, chancelada pela CBF (Confedera\u00e7\u00e3o Brasileira de Futebol) e pela CBSB (Confedera\u00e7\u00e3o de Beach Soccer do Brasil), quando o Vasco ficou em segundo lugar e o Sampaio Corr\u00eaa sagrou-se campe\u00e3o.    Na ocasi\u00e3o, foi comunicado que no segundo semestre seria realizada uma nova competi\u00e7\u00e3o, para que todos os clubes brasileiros interessados em disputar a competi\u00e7\u00e3o sul-americana tivessem o direito a duelar nas quadras pela vaga. Competi\u00e7\u00e3o essa que n\u00e3o aconteceu at\u00e9 a presente data.    Reiteramos nossa insatisfa\u00e7\u00e3o com a falta de comunica\u00e7\u00e3o e transpar\u00eancia entre a confedera\u00e7\u00e3o e os clubes.    <\/p>\n<table>\n<tr>\n<td><a><\/a><\/td>\n<\/tr>\n<\/table>\n<p>    Fonte: Instagram Vasco Beach Soccer<\/p>\n<p>Fonte: <a>www.netvasco.com.br\/n\/324752\/beach-soccer-vasco-nao-e-incluido-na-libertadores-e-protesta-em-nota<\/a><\/p>\n<p>   \t\t\t\t\t\t\t  \t\t\t\t\t\t \t\t\t\t\t\t\t\t\t\t\t\tCategoria<a>vasco<\/a>                        <\/p>\n<p>Fonte: <a href=\"\/\/bolarolando.com.br\/index.php\/2023\/11\/18\/beach-soccer-vasco-nao-e-incluido-na-libertadores-e-protesta-em-nota-netvasco\" title=\"bolarolando.com.br\/index.php\/2023\/11\/18\/beach-soccer-vasco-nao-e-incluido-na-libertadores-e-protesta-em-nota-netvasco\" target=\"_blank\" rel=\"bookmark noopener\"><cite>bolarolando.com.br\/index.php\/2023\/11\/18\/beach-soccer-vasco-nao-e-incluido-na-libertadores-e-protesta-em-nota-netvasco<\/cite><\/a><\/p>\n","protected":false},"excerpt":{"rendered":"<p>Beach Soccer: Vasco n\u00e3o \u00e9 inclu\u00eddo na Libertadores e protesta em nota S\u00e1bado, 18\/11\/2023 &#8211; 20:56 vascobeachsoccer Torcedor, nesta sexta-feira (17\/11), n\u00f3s do Vasco Beach Soccer fomos pegos de surpresa com o an\u00fancio do clube que ir\u00e1 representar o Brasil na disputa da Copa Libertadores de Futbol Playa 2023. O representante brasileiro seria o campe\u00e3o [&hellip;]<\/p>\n","protected":false},"author":1,"featured_media":0,"comment_status":"closed","ping_status":"closed","sticky":false,"template":"","format":"standard","meta":{"footnotes":""},"categories":[3],"tags":[],"class_list":["post-11642","post","type-post","status-publish","format-standard","hentry","category-futebol-ao-vivo"],"amp_enabled":true,"_links":{"self":[{"href":"https:\/\/novasdodia.com.br\/index.php\/wp-json\/wp\/v2\/posts\/11642","targetHints":{"allow":["GET"]}}],"collection":[{"href":"https:\/\/novasdodia.com.br\/index.php\/wp-json\/wp\/v2\/posts"}],"about":[{"href":"https:\/\/novasdodia.com.br\/index.php\/wp-json\/wp\/v2\/types\/post"}],"author":[{"embeddable":true,"href":"https:\/\/novasdodia.com.br\/index.php\/wp-json\/wp\/v2\/users\/1"}],"replies":[{"embeddable":true,"href":"https:\/\/novasdodia.com.br\/index.php\/wp-json\/wp\/v2\/comments?post=11642"}],"version-history":[{"count":1,"href":"https:\/\/novasdodia.com.br\/index.php\/wp-json\/wp\/v2\/posts\/11642\/revisions"}],"predecessor-version":[{"id":11643,"href":"https:\/\/novasdodia.com.br\/index.php\/wp-json\/wp\/v2\/posts\/11642\/revisions\/11643"}],"wp:attachment":[{"href":"https:\/\/novasdodia.com.br\/index.php\/wp-json\/wp\/v2\/media?parent=11642"}],"wp:term":[{"taxonomy":"category","embeddable":true,"href":"https:\/\/novasdodia.com.br\/index.php\/wp-json\/wp\/v2\/categories?post=11642"},{"taxonomy":"post_tag","embeddable":true,"href":"https:\/\/novasdodia.com.br\/index.php\/wp-json\/wp\/v2\/tags?post=11642"}],"curies":[{"name":"wp","href":"https:\/\/api.w.org\/{rel}","templated":true}]}}