{"id":11736,"date":"2023-11-20T12:36:09","date_gmt":"2023-11-20T15:36:09","guid":{"rendered":"https:\/\/novasdodia.com.br\/index.php\/2023\/11\/20\/bonito-vai-receber-oficina-ortopedica-itinerante-entre-os-dias-29-11-e-1o-de-dezembro-prefeitura-municipal-de-bonito\/"},"modified":"2023-11-20T12:36:09","modified_gmt":"2023-11-20T15:36:09","slug":"bonito-vai-receber-oficina-ortopedica-itinerante-entre-os-dias-29-11-e-1o-de-dezembro-prefeitura-municipal-de-bonito","status":"publish","type":"post","link":"https:\/\/novasdodia.com.br\/index.php\/2023\/11\/20\/bonito-vai-receber-oficina-ortopedica-itinerante-entre-os-dias-29-11-e-1o-de-dezembro-prefeitura-municipal-de-bonito\/","title":{"rendered":"Bonito vai receber Oficina Ortop\u00e9dica Itinerante entre os dias 29\/11 e 1\u00ba de dezembro &#8211; Prefeitura Municipal de Bonito"},"content":{"rendered":"<p><\/p>\n<div>\n<div class=\"td-post-featured-image\"><\/div>\n<p>O munic\u00edpio de Bonito vai receber, entre os dias 29 de novembro e 1\u00ba de dezembro a Oficina Ortop\u00e9dica Itinerante, que disponibiliza gratuitamente, OPM (\u00d3rtese, Pr\u00f3tese e Meios auxiliares de locomo\u00e7\u00e3o) para a comunidade. A a\u00e7\u00e3o realizada pela SES (Secretaria de Estado de Sa\u00fade), por meio da Rede da Pessoa com Defici\u00eancia,\u00a0CER IV\/APAE (Centro Especializado em Reabilita\u00e7\u00e3o\/Associa\u00e7\u00e3o de Pais e Amigos dos Excepcionais) de Campo Grande\u00a0e em parceria com as secretarias municipais de sa\u00fade.<\/p>\n<p>A carreta da Oficina ficar\u00e1 instalada no p\u00e1tio do CER (Centro de Especialidade em Reabilita\u00e7\u00e3o), localizado na Rua Dr. Conrado, 800, Vila Don\u00e1ria. Os pacientes para atendimento ser\u00e3o encaminhados pelo CER e os interessados, que ainda n\u00e3o fazem parte do cadastro de pacientes da unidade, devem procurar o CER antes do in\u00edcio da oficina. <\/p>\n<p>Conforme a gerente da Rede de Cuidados \u00e0 Pessoa com Defici\u00eancia da SES, Juliana Medeiros, a Oficina Ortop\u00e9dica Itinerante \u00e9 habilitada pelo Minist\u00e9rio da Sa\u00fade, com calend\u00e1rio e organiza\u00e7\u00e3o aprovados em CIB (Comiss\u00e3o Intergestores Bipartite) desenvolvido pela SES a fim de aproximar o servi\u00e7o especializado ao usu\u00e1rio do SUS no interior do estado.<\/p>\n<p>O resultado dos atendimentos especializados na avalia\u00e7\u00e3o, prescri\u00e7\u00e3o e dispensa\u00e7\u00e3o de OPM (\u00d3rtese, Pr\u00f3tese e Meios auxiliares de locomo\u00e7\u00e3o), pode ser visualizado e sentido pelo usu\u00e1rio do SUS com o aumento da sua capacidade funcional, conforto e qualidade de vida. \u201cOutro fator n\u00e3o quantificado, mas de grande import\u00e2ncia \u00e9 o retorno as atividades educacionais e de forma\u00e7\u00e3o profissional das pessoas com defici\u00eancia, facilitada pelo uso de OPMs\u201d, explica Juliana.<\/p>\n<p>A Oficina Ortop\u00e9dica Itinerante visa ampliar o acesso e qualificar o atendimento \u00e0s pessoas com defici\u00eancia no SUS com foco na organiza\u00e7\u00e3o da Rede de Aten\u00e7\u00e3o \u00e0 Sa\u00fade, percorrendo as microrregi\u00f5es do estado com uma unidade m\u00f3vel que realiza consultas e a concess\u00e3o de meios auxiliares de locomo\u00e7\u00e3o \u00e0s pessoas com defici\u00eancia f\u00edsico-motora atrav\u00e9s do SUS.<\/p>\n<p>No ano de 2023, entre os meses de janeiro e agosto, a Oficina Ortop\u00e9dica Itinerante percorreu os munic\u00edpios de Corumb\u00e1, Caarap\u00f3, Tr\u00eas Lagoas, Parana\u00edba, Ponta Por\u00e3, Navira\u00ed, Aquidauana, Coxim, Jardim, Nova Andradina, Dourados, Cassil\u00e2ndia e Rio Brilhante, totalizando 2.137 pacientes atendidos.<\/p>\n<p>Entre os produtos confeccionados e entregues est\u00e3o: \u00f3rteses, pr\u00f3teses, coletes, botas, palmilhas, cadeiras de rodas, de banho, muletas, bengalas e andadores. Para ter acesso aos servi\u00e7os, a pessoa dever\u00e1 previamente estar inserida na regula\u00e7\u00e3o SISREG (Sistema de Regula\u00e7\u00e3o).<\/p>\n<p>Com informa\u00e7\u00f5es de SES<\/p>\n<\/p><\/div>\n","protected":false},"excerpt":{"rendered":"<p>O munic\u00edpio de Bonito vai receber, entre os dias 29 de novembro e 1\u00ba de dezembro a Oficina Ortop\u00e9dica Itinerante, que disponibiliza gratuitamente, OPM (\u00d3rtese, Pr\u00f3tese e Meios auxiliares de locomo\u00e7\u00e3o) para a comunidade. A a\u00e7\u00e3o realizada pela SES (Secretaria de Estado de Sa\u00fade), por meio da Rede da Pessoa com Defici\u00eancia,\u00a0CER IV\/APAE (Centro Especializado [&hellip;]<\/p>\n","protected":false},"author":1,"featured_media":0,"comment_status":"open","ping_status":"open","sticky":false,"template":"","format":"standard","meta":{"footnotes":""},"categories":[],"tags":[],"class_list":["post-11736","post","type-post","status-publish","format-standard","hentry"],"amp_enabled":true,"_links":{"self":[{"href":"https:\/\/novasdodia.com.br\/index.php\/wp-json\/wp\/v2\/posts\/11736","targetHints":{"allow":["GET"]}}],"collection":[{"href":"https:\/\/novasdodia.com.br\/index.php\/wp-json\/wp\/v2\/posts"}],"about":[{"href":"https:\/\/novasdodia.com.br\/index.php\/wp-json\/wp\/v2\/types\/post"}],"author":[{"embeddable":true,"href":"https:\/\/novasdodia.com.br\/index.php\/wp-json\/wp\/v2\/users\/1"}],"replies":[{"embeddable":true,"href":"https:\/\/novasdodia.com.br\/index.php\/wp-json\/wp\/v2\/comments?post=11736"}],"version-history":[{"count":0,"href":"https:\/\/novasdodia.com.br\/index.php\/wp-json\/wp\/v2\/posts\/11736\/revisions"}],"wp:attachment":[{"href":"https:\/\/novasdodia.com.br\/index.php\/wp-json\/wp\/v2\/media?parent=11736"}],"wp:term":[{"taxonomy":"category","embeddable":true,"href":"https:\/\/novasdodia.com.br\/index.php\/wp-json\/wp\/v2\/categories?post=11736"},{"taxonomy":"post_tag","embeddable":true,"href":"https:\/\/novasdodia.com.br\/index.php\/wp-json\/wp\/v2\/tags?post=11736"}],"curies":[{"name":"wp","href":"https:\/\/api.w.org\/{rel}","templated":true}]}}