{"id":11790,"date":"2023-11-21T07:34:21","date_gmt":"2023-11-21T10:34:21","guid":{"rendered":"https:\/\/novasdodia.com.br\/index.php\/2023\/11\/21\/secretaria-de-administracao-avanca-nas-metas-pactuadas-no-contrato-de-gestao-2023-portal-do-governo-de-mato-grosso-do-sul\/"},"modified":"2023-11-21T07:34:21","modified_gmt":"2023-11-21T10:34:21","slug":"secretaria-de-administracao-avanca-nas-metas-pactuadas-no-contrato-de-gestao-2023-portal-do-governo-de-mato-grosso-do-sul","status":"publish","type":"post","link":"https:\/\/novasdodia.com.br\/index.php\/2023\/11\/21\/secretaria-de-administracao-avanca-nas-metas-pactuadas-no-contrato-de-gestao-2023-portal-do-governo-de-mato-grosso-do-sul\/","title":{"rendered":"Secretaria de Administra\u00e7\u00e3o avan\u00e7a nas metas pactuadas no Contrato de Gest\u00e3o 2023 \u2013 Portal do Governo de Mato Grosso do Sul"},"content":{"rendered":"<p><\/p>\n<div>\n<p>Em reuni\u00e3o com gestores, a secret\u00e1ria de Estado de Administra\u00e7\u00e3o, Ana Nardes, recebeu nesta segunda-feira (20), a equipe de monitoramento dos Contratos de Gest\u00e3o da Segem (Secretaria-Executiva de Gest\u00e3o Estrat\u00e9gica e Municipalismo), para apresenta\u00e7\u00e3o dos resultados das a\u00e7\u00f5es pactuadas no in\u00edcio do ano.<\/p>\n<p>A Segem acompanha e orienta as unidades gestoras para a conclus\u00e3o e entrega das metas. O contrato de gest\u00e3o conta com um sistema robusto de TI (SE Suite) que facilita o monitoramento das secretarias e vinculadas no desenvolvimento das a\u00e7\u00f5es.<\/p>\n<p>Entre as principais metas da pasta est\u00e1 a implanta\u00e7\u00e3o de modelo centralizado de compras, programa de moderniza\u00e7\u00e3o de gest\u00e3o patrimonial, sistema de processo administrativo eletr\u00f4nico e a capacita\u00e7\u00e3o dos servidores.<\/p>\n<p>\u201cEstamos satisfeitos com os n\u00fameros que mostram indicadores positivos sobre o andamento das a\u00e7\u00f5es firmadas. Os contratos estabelecem metas que precisam ser alcan\u00e7adas, com o monitoramento \u00e9 poss\u00edvel identificar o andamento dos projetos, a ferramenta auxilia e identifica o andamento e execu\u00e7\u00e3o das estrat\u00e9gicas, e consequentemente, na concretiza\u00e7\u00e3o dos compromissos firmados e suas entregas\u201d, destacou a secret\u00e1ria Ana Nardes, durante a reuni\u00e3o.<\/p>\n<p>Conforme o secret\u00e1rio-executivo de Gest\u00e3o Estrat\u00e9gica e Municipalismo, Thaner Castro Nogueira, a Secretaria de Administra\u00e7\u00e3o est\u00e1 com o n\u00edvel de execu\u00e7\u00e3o dos projetos e processos dentro do n\u00edvel esperado.<\/p>\n<div id=\"gallery-1\" class=\"gallery galleryid-457136 gallery-columns-2 gallery-size-large\">\n<figure class=\"gallery-item\">\n<div class=\"gallery-icon landscape\"><\/div>\n<\/figure>\n<figure class=\"gallery-item\">\n<div class=\"gallery-icon landscape\"><\/div>\n<\/figure><\/div>\n<p>\u201cA expectativa \u00e9 que at\u00e9 o final do ano a SAD complete as entregas, principalmente as mais relevantes, destaco o e-MS que hoje na \u00e1rea administrativa \u00e9 a principal entrega do Governo que termina este ano para come\u00e7ar a rodar no pr\u00f3ximo ano. Tamb\u00e9m h\u00e1 entregas na \u00e1rea de Patrim\u00f4nio, Gest\u00e3o de Pessoas e os gerentes t\u00eam se empenhado bastante para realizar as entregas e a expectativa \u00e9 que a secretaria realmente feche o ano com uma performance pr\u00f3xima dos 100% no ritmo que os projetos est\u00e3o\u201d, afirmou Nogueira.<\/p>\n<p>Com a proposta de uma gest\u00e3o moderna e de resultados, est\u00e3o previstas nos contratos da SAD, melhorias de processos e de servi\u00e7os nas \u00e1reas de Patrim\u00f4nio, Gest\u00e3o de Pessoas, Desenvolvimento de Servidores, Previd\u00eancia, Sa\u00fade do Servidor, Sustentabilidade e Compras Governamentais.<\/p>\n<p>Ao todo s\u00e3o 10 projetos, 22 entregas. Entre os projetos est\u00e3o: a Implanta\u00e7\u00e3o das A\u00e7\u00f5es de Aperfei\u00e7oamento (100%), Regionaliza\u00e7\u00e3o das A\u00e7\u00f5es de Educa\u00e7\u00e3o Continuada da Escolagov (95%), Curso de Capacita\u00e7\u00e3o em Regula\u00e7\u00e3o de Servi\u00e7os (100%), Cursos Pol\u00edticas P\u00fablicas de Assist\u00eancia Social (100%), Modelo Centralizado de Compras (100%), Plano de Compras Estruturado (99%), Sistema Adaptado para a Nova Lei de Licita\u00e7\u00f5es (100%), Programa de Moderniza\u00e7\u00e3o Patrimonial (100%), Invent\u00e1rio de Bens M\u00f3veis Estruturado (80%), Censo Imobili\u00e1rio (89%), Moderniza\u00e7\u00e3o de Frotas (94%), Sistema de Gest\u00e3o Digital de Abastecimento Implementado (100%), Implementa\u00e7\u00e3o de Novas Modalidades de Trabalho (71%), entre outros.<\/p>\n<p><em>Raquel dos Passos, Comunica\u00e7\u00e3o SAD<br \/>Foto:\u00a0<\/em><\/p>\n<\/div>\n","protected":false},"excerpt":{"rendered":"<p>Em reuni\u00e3o com gestores, a secret\u00e1ria de Estado de Administra\u00e7\u00e3o, Ana Nardes, recebeu nesta segunda-feira (20), a equipe de monitoramento dos Contratos de Gest\u00e3o da Segem (Secretaria-Executiva de Gest\u00e3o Estrat\u00e9gica e Municipalismo), para apresenta\u00e7\u00e3o dos resultados das a\u00e7\u00f5es pactuadas no in\u00edcio do ano. A Segem acompanha e orienta as unidades gestoras para a conclus\u00e3o e [&hellip;]<\/p>\n","protected":false},"author":1,"featured_media":0,"comment_status":"open","ping_status":"open","sticky":false,"template":"","format":"standard","meta":{"footnotes":""},"categories":[],"tags":[],"class_list":["post-11790","post","type-post","status-publish","format-standard","hentry"],"amp_enabled":true,"_links":{"self":[{"href":"https:\/\/novasdodia.com.br\/index.php\/wp-json\/wp\/v2\/posts\/11790","targetHints":{"allow":["GET"]}}],"collection":[{"href":"https:\/\/novasdodia.com.br\/index.php\/wp-json\/wp\/v2\/posts"}],"about":[{"href":"https:\/\/novasdodia.com.br\/index.php\/wp-json\/wp\/v2\/types\/post"}],"author":[{"embeddable":true,"href":"https:\/\/novasdodia.com.br\/index.php\/wp-json\/wp\/v2\/users\/1"}],"replies":[{"embeddable":true,"href":"https:\/\/novasdodia.com.br\/index.php\/wp-json\/wp\/v2\/comments?post=11790"}],"version-history":[{"count":0,"href":"https:\/\/novasdodia.com.br\/index.php\/wp-json\/wp\/v2\/posts\/11790\/revisions"}],"wp:attachment":[{"href":"https:\/\/novasdodia.com.br\/index.php\/wp-json\/wp\/v2\/media?parent=11790"}],"wp:term":[{"taxonomy":"category","embeddable":true,"href":"https:\/\/novasdodia.com.br\/index.php\/wp-json\/wp\/v2\/categories?post=11790"},{"taxonomy":"post_tag","embeddable":true,"href":"https:\/\/novasdodia.com.br\/index.php\/wp-json\/wp\/v2\/tags?post=11790"}],"curies":[{"name":"wp","href":"https:\/\/api.w.org\/{rel}","templated":true}]}}