{"id":11859,"date":"2023-11-22T07:06:59","date_gmt":"2023-11-22T10:06:59","guid":{"rendered":"https:\/\/novasdodia.com.br\/index.php\/2023\/11\/22\/prefeitura-de-cuiab-secretaria-da-mulher-inicia-aes-da-campanha-21-dias-pelo-fim-da-violncia-contra-a-mulher\/"},"modified":"2023-11-22T07:06:59","modified_gmt":"2023-11-22T10:06:59","slug":"prefeitura-de-cuiab-secretaria-da-mulher-inicia-aes-da-campanha-21-dias-pelo-fim-da-violncia-contra-a-mulher","status":"publish","type":"post","link":"https:\/\/novasdodia.com.br\/index.php\/2023\/11\/22\/prefeitura-de-cuiab-secretaria-da-mulher-inicia-aes-da-campanha-21-dias-pelo-fim-da-violncia-contra-a-mulher\/","title":{"rendered":"Prefeitura de Cuiab | Secretaria da Mulher inicia aes da campanha &#8221; 21 Dias pelo Fim da Violncia Contra a Mulher&#8221;"},"content":{"rendered":"<p><\/p>\n<div itemprop=\"articleBody\">\n<p style=\"text-align: justify;\">A Prefeitura de Cuiab\u00e1, via Secretaria Municipal da Mulher, abre a programa\u00e7\u00e3o da campanha &#8220;21 Dias pelo Fim da Viol\u00eancia Contra a Mulher&#8221;, nesta quarta-feira (22), no audit\u00f3rio da Pasta, que est\u00e1 localizada na Avenida Get\u00falio Vargas, 490, em Cuiab\u00e1. A abertura das atividades tem a parceria da Universidade Federal de Mato Grosso (UFMT), Banco do Brasil e a Rede de Enfrentamento \u00e0 Viol\u00eancia Dom\u00e9stica.<\/p>\n<p style=\"text-align: justify;\">Segundo a titular da pasta, Cely Almeida, a a\u00e7\u00e3o \u00e9 uma oportunidade para fortalecer o trabalho de conscientiza\u00e7\u00e3o social que a secretaria tem desempenhado ao longo do ano. \u00a0<\/p>\n<p style=\"text-align: justify;\">\u201cDurante esses dias de campanha, a nossa secretaria vai promover a\u00e7\u00f5es que possibilitem uma maior conscientiza\u00e7\u00e3o da sociedade. Ser\u00e3o a\u00e7\u00f5es concretas para combater a viol\u00eancia de g\u00eanero e promover a igualdade e valoriza\u00e7\u00e3o das mulheres de Cuiab\u00e1\u201d, disse.<\/p>\n<p style=\"text-align: justify;\"><strong>Hist\u00f3ria<\/strong><\/p>\n<p style=\"text-align: justify;\">Desde 1991, a ONU convoca o mundo inteiro para discutir quest\u00f5es relacionadas \u00e0 viol\u00eancia contra as mulheres por meio de uma campanha anual global.\u00a0 \u00c9 a campanha \u201c16 dias de ativismo\u201d, que tem in\u00edcio todo dia 25 de novembro, Dia Internacional de Combate \u00e0 Viol\u00eancia Contra a Mulher, e termina no dia 10 de dezembro, Dia dos Direitos Humanos.<\/p>\n<p style=\"text-align: justify;\">No Brasil, entretanto, os 16 dias se ampliaram para 21 para destacar a dupla discrimina\u00e7\u00e3o vivida pelas mulheres negras, as atividades come\u00e7am antes, no dia 20 de novembro, Dia da Consci\u00eancia Negra.<\/p>\n<p style=\"text-align: justify;\"><strong>Programa\u00e7\u00e3o<\/strong><\/p>\n<p style=\"text-align: justify;\"><strong>Dia 22\/11 \u00e0s 8h &#8211; Secretaria da Mulher (audit\u00f3rio)<\/strong><\/p>\n<p style=\"text-align: justify;\">Abertura da campanha 21 Dias de Ativismo Pelo Fim da Viol\u00eancia Contra Mulher<\/p>\n<p style=\"text-align: justify;\"><strong>Dia 24\/11 \u00e0s 8h \u2013 C\u00e2mara de Vereadores de Cuiab\u00e1<\/strong><\/p>\n<p style=\"text-align: justify;\">Audi\u00eancia P\u00fablica: Debate sobre os \u00f3rf\u00e3os do feminic\u00eddio<\/p>\n<p style=\"text-align: justify;\"><strong>Dia 27 e 28 \/11 \u00e0s 8h \u2013 Tribunal de Justi\u00e7a de Mato Grosso<\/strong><\/p>\n<p style=\"text-align: justify;\">1\u00aa Encontro das Redes de Enfrentamento \u00e0 Viol\u00eancia Dom\u00e9sticas<\/p>\n<p style=\"text-align: justify;\"><strong>Dia 29 \/11 \u00e0s 19h \u2013 Faculdade Invest de Ci\u00eancia e Tecnologia <\/strong><\/p>\n<p style=\"text-align: justify;\">Palestra: Quebrando o Sil\u00eancio<\/p>\n<p style=\"text-align: justify;\"><strong>Dia 01\/11 \u00e0s 9h \u2013 CRAS Novo Colorado <\/strong><\/p>\n<p style=\"text-align: justify;\">Cine Mulher \u2013 21 Dias de Ativismo Pelo Fim da Viol\u00eancia Contra Mulher<\/p>\n<p style=\"text-align: justify;\"><strong>Dia 05\/12 \u00e0s 8h30\u00a0\u2013 CCI Aidee Pereira \u00a0<\/strong><\/p>\n<p style=\"text-align: justify;\">Cine Mulher \u2013 21 Dias de Ativismo Pelo Fim da Viol\u00eancia Contra Mulher<\/p>\n<p style=\"text-align: justify;\"><strong>Dia 06\/12 \u00e0s 8h30\u00a0\u2013 Prefeitura de Cuiab\u00e1 (Audit\u00f3rio)<\/strong> \u00a0<\/p>\n<p style=\"text-align: justify;\">Palestra: Homens pelo Fim da Viol\u00eancia Contra a Mulher<\/p>\n<p style=\"text-align: justify;\"><strong>Dia 06\/12 \u00e0s 13h30\u00a0\u2013 CRAS Osmar Cabral \u00a0<\/strong><\/p>\n<p style=\"text-align: justify;\">Cine Mulher \u2013 21 Dias de Ativismo Pelo Fim da Viol\u00eancia Contra Mulher<\/p>\n<\/div>\n","protected":false},"excerpt":{"rendered":"<p>A Prefeitura de Cuiab\u00e1, via Secretaria Municipal da Mulher, abre a programa\u00e7\u00e3o da campanha &#8220;21 Dias pelo Fim da Viol\u00eancia Contra a Mulher&#8221;, nesta quarta-feira (22), no audit\u00f3rio da Pasta, que est\u00e1 localizada na Avenida Get\u00falio Vargas, 490, em Cuiab\u00e1. A abertura das atividades tem a parceria da Universidade Federal de Mato Grosso (UFMT), Banco [&hellip;]<\/p>\n","protected":false},"author":1,"featured_media":0,"comment_status":"open","ping_status":"open","sticky":false,"template":"","format":"standard","meta":{"footnotes":""},"categories":[1],"tags":[],"class_list":["post-11859","post","type-post","status-publish","format-standard","hentry","category-noticias"],"amp_enabled":true,"_links":{"self":[{"href":"https:\/\/novasdodia.com.br\/index.php\/wp-json\/wp\/v2\/posts\/11859","targetHints":{"allow":["GET"]}}],"collection":[{"href":"https:\/\/novasdodia.com.br\/index.php\/wp-json\/wp\/v2\/posts"}],"about":[{"href":"https:\/\/novasdodia.com.br\/index.php\/wp-json\/wp\/v2\/types\/post"}],"author":[{"embeddable":true,"href":"https:\/\/novasdodia.com.br\/index.php\/wp-json\/wp\/v2\/users\/1"}],"replies":[{"embeddable":true,"href":"https:\/\/novasdodia.com.br\/index.php\/wp-json\/wp\/v2\/comments?post=11859"}],"version-history":[{"count":0,"href":"https:\/\/novasdodia.com.br\/index.php\/wp-json\/wp\/v2\/posts\/11859\/revisions"}],"wp:attachment":[{"href":"https:\/\/novasdodia.com.br\/index.php\/wp-json\/wp\/v2\/media?parent=11859"}],"wp:term":[{"taxonomy":"category","embeddable":true,"href":"https:\/\/novasdodia.com.br\/index.php\/wp-json\/wp\/v2\/categories?post=11859"},{"taxonomy":"post_tag","embeddable":true,"href":"https:\/\/novasdodia.com.br\/index.php\/wp-json\/wp\/v2\/tags?post=11859"}],"curies":[{"name":"wp","href":"https:\/\/api.w.org\/{rel}","templated":true}]}}