{"id":11987,"date":"2023-11-24T06:11:47","date_gmt":"2023-11-24T09:11:47","guid":{"rendered":"https:\/\/novasdodia.com.br\/index.php\/2023\/11\/24\/evento-capacita-servidor-que-atende-criancas-e-adolescentes\/"},"modified":"2023-11-24T06:11:47","modified_gmt":"2023-11-24T09:11:47","slug":"evento-capacita-servidor-que-atende-criancas-e-adolescentes","status":"publish","type":"post","link":"https:\/\/novasdodia.com.br\/index.php\/2023\/11\/24\/evento-capacita-servidor-que-atende-criancas-e-adolescentes\/","title":{"rendered":"Evento capacita servidor que atende crian\u00e7as e adolescentes"},"content":{"rendered":"<p><\/p>\n<div>\n<p><b>Ariane Caldas<\/b><br \/>&#13;<br \/>\n&#13;<br \/>\n                <span style=\"font-weight: bold;\">Secretaria de Apoio Social ao Cidad\u00e3o<\/span><\/p>\n<p>A Prefeitura de S\u00e3o Jos\u00e9 dos Campos realizou nesta quinta-feira (23) uma aula inaugural de capacita\u00e7\u00e3o para os profissionais da rede municipal que atuam em secretarias e \u00f3rg\u00e3os p\u00fablicos no atendimento a crian\u00e7as e adolescentes.<\/p>\n<p>O objetivo \u00e9 formar os profissionais do Sistema de Garantia de Direitos para a preven\u00e7\u00e3o e qualifica\u00e7\u00e3o do acolhimento de crian\u00e7as e adolescentes com direitos amea\u00e7ados ou violados e sob cuidado do Estado.<\/p>\n<p>A aula inaugural foi realizada pela presidente do Neca (Associa\u00e7\u00e3o de Pesquisadores e Formadores da \u00c1rea da Crian\u00e7a e do Adolescente), Dayse Bernardi, e marca o primeiro encontro do projeto de forma\u00e7\u00e3o da rede de atendimento de S\u00e3o Jos\u00e9 dos Campos que ser\u00e1 realizado de janeiro a outubro de 2024.<\/p>\n<\/p>\n<p>O evento contou com a participa\u00e7\u00e3o de 160 profissionais de diversas \u00e1reas como sa\u00fade, educa\u00e7\u00e3o, assist\u00eancia social, esporte e seguran\u00e7a, al\u00e9m da presen\u00e7a do juiz da vara da Inf\u00e2ncia e Juventude, Marco C\u00e9sar Vasconcelos e Souza e a defensora p\u00fablica, Deise Gomes da Cunha Tureta, proporcionando um ambiente prop\u00edcio para a troca de conhecimentos e experi\u00eancias.<\/p>\n<p>A constru\u00e7\u00e3o de protocolos e processos foi o ponto central da aula. Para o juiz, os fluxos de trabalho s\u00e3o essenciais para uma abordagem mais adequada. \u201cEssa capacita\u00e7\u00e3o serve para a constru\u00e7\u00e3o de protocolos para o enfrentamento dos casos de viol\u00eancia contra crian\u00e7as e adolescentes, e ao final, a solu\u00e7\u00e3o fica mais f\u00e1cil e pr\u00f3xima do caso concreto\u201d, afirma.<\/p>\n<p>Durante a aula, os profissionais puderam adquirir novas pr\u00e1ticas para lidar com quest\u00f5es relacionadas \u00e0 inf\u00e2ncia e adolesc\u00eancia. Para Renata Aparecida, que atua no programa de prote\u00e7\u00e3o especial contra o trabalho infantil da Secretaria de Apoio Social ao Cidad\u00e3o, foi um momento enriquecedor. \u201cEsse evento vem para refor\u00e7ar o nosso comprometimento como profissional, sobre a import\u00e2ncia do qualificar, para poder realizar nossas abordagens com mais qualidade.\u201d<\/p>\n<p><span class=\"intertitulo\">Forma\u00e7\u00e3o<\/span><\/p>\n<p>Ao longo de dez meses, os profissionais da rede municipal do Sistema de Garantia dos Direitos das Crian\u00e7as e Adolescentes passar\u00e3o por uma capacita\u00e7\u00e3o para fortalecer o trabalho de preven\u00e7\u00e3o e enfrentamento de situa\u00e7\u00f5es de viol\u00eancia, bem como a garantia dos Direitos.<\/p>\n<p>A forma\u00e7\u00e3o prevista para in\u00edcio em janeiro de 2024, ser\u00e1 realizada pelo Neca e dividida em 10 m\u00f3dulos.<\/p>\n<p>Todos os participantes indicados atuam direto ou indiretamente no atendimento e acolhimento de crian\u00e7as e adolescentes, visando uma abordagem cada vez mais eficiente, e refor\u00e7ando o compromisso da administra\u00e7\u00e3o municipal com o bem-estar e desenvolvimento integral da inf\u00e2ncia e juventude.<\/p>\n<p>&#13;<br \/>\n                        <strong>MAIS NOT\u00cdCIAS<\/strong><br \/>&#13;<br \/>\n                        Secretaria de Apoio Social ao Cidad\u00e3o&#13;\n                    <\/p>\n<\/p><\/div>\n","protected":false},"excerpt":{"rendered":"<p>Ariane Caldas&#13; &#13; Secretaria de Apoio Social ao Cidad\u00e3o A Prefeitura de S\u00e3o Jos\u00e9 dos Campos realizou nesta quinta-feira (23) uma aula inaugural de capacita\u00e7\u00e3o para os profissionais da rede municipal que atuam em secretarias e \u00f3rg\u00e3os p\u00fablicos no atendimento a crian\u00e7as e adolescentes. O objetivo \u00e9 formar os profissionais do Sistema de Garantia de [&hellip;]<\/p>\n","protected":false},"author":1,"featured_media":0,"comment_status":"open","ping_status":"open","sticky":false,"template":"","format":"standard","meta":{"footnotes":""},"categories":[1],"tags":[],"class_list":["post-11987","post","type-post","status-publish","format-standard","hentry","category-noticias"],"amp_enabled":true,"_links":{"self":[{"href":"https:\/\/novasdodia.com.br\/index.php\/wp-json\/wp\/v2\/posts\/11987","targetHints":{"allow":["GET"]}}],"collection":[{"href":"https:\/\/novasdodia.com.br\/index.php\/wp-json\/wp\/v2\/posts"}],"about":[{"href":"https:\/\/novasdodia.com.br\/index.php\/wp-json\/wp\/v2\/types\/post"}],"author":[{"embeddable":true,"href":"https:\/\/novasdodia.com.br\/index.php\/wp-json\/wp\/v2\/users\/1"}],"replies":[{"embeddable":true,"href":"https:\/\/novasdodia.com.br\/index.php\/wp-json\/wp\/v2\/comments?post=11987"}],"version-history":[{"count":0,"href":"https:\/\/novasdodia.com.br\/index.php\/wp-json\/wp\/v2\/posts\/11987\/revisions"}],"wp:attachment":[{"href":"https:\/\/novasdodia.com.br\/index.php\/wp-json\/wp\/v2\/media?parent=11987"}],"wp:term":[{"taxonomy":"category","embeddable":true,"href":"https:\/\/novasdodia.com.br\/index.php\/wp-json\/wp\/v2\/categories?post=11987"},{"taxonomy":"post_tag","embeddable":true,"href":"https:\/\/novasdodia.com.br\/index.php\/wp-json\/wp\/v2\/tags?post=11987"}],"curies":[{"name":"wp","href":"https:\/\/api.w.org\/{rel}","templated":true}]}}