{"id":12124,"date":"2023-11-26T11:32:01","date_gmt":"2023-11-26T14:32:01","guid":{"rendered":"https:\/\/novasdodia.com.br\/index.php\/2023\/11\/26\/escolas-municipais-recebem-premiacao-no-festival-de-aplicativos-da-20a-snct\/"},"modified":"2023-11-26T11:32:01","modified_gmt":"2023-11-26T14:32:01","slug":"escolas-municipais-recebem-premiacao-no-festival-de-aplicativos-da-20a-snct","status":"publish","type":"post","link":"https:\/\/novasdodia.com.br\/index.php\/2023\/11\/26\/escolas-municipais-recebem-premiacao-no-festival-de-aplicativos-da-20a-snct\/","title":{"rendered":"Escolas municipais recebem premia\u00e7\u00e3o no Festival de Aplicativos da 20\u00aa SNCT"},"content":{"rendered":"<p><\/p>\n<div>\n<p>As escolas municipais Fenelon C\u00e2mara, do bairro do Geisel, e \u00cdndio Piragibe, de Mangabeira, tiveram suas equipes mais votadas no Festival de Aplicativos do programa \u2018Codificar para Desenvolver (Code) \u2013 Jovens para o futuro\u2019, uma iniciativa da Secretaria de Educa\u00e7\u00e3o e Cultura (Sedec) com apoio da Secretaria de Ci\u00eancia e Tecnologia (Secitec), em parceria com a Funetec. \u00a0 <\/p>\n<figure class=\"wp-block-gallery has-nested-images columns-default is-cropped wp-block-gallery-1 is-layout-flex wp-block-gallery-is-layout-flex\">\n<figure class=\"wp-block-image size-large\"><\/figure>\n<figure class=\"wp-block-image size-large\"><\/figure>\n<figure class=\"wp-block-image size-large\"><\/figure>\n<figure class=\"wp-block-image size-large\"><\/figure>\n<\/figure>\n<p>A primeira equipe colocada foi a Colect Fruits, da Escola Municipal Fenelon C\u00e2mara, com um aplicativo que leva o mesmo nome da equipe, composta por Maria Clara Ara\u00fajo Weel, Daniel de Oliveira Marques, Alice Oliveira da Silva, Yasmin Pereira Vieira Marques e Ana Luiza Sampaio Rodrigues. A estudante Yasmin Pereira Marques comentou que tudo foi maravilhoso, n\u00e3o imaginava que seria t\u00e3o legal programar. \u00a0 <\/p>\n<p>O segundo lugar ficou com a equipe \u2018Cat\u2019, da Escola Municipal \u00cdndio Piragibe, de Mangabeira, com o aplicativo \u2018Adote-me\u2019. A estudante Laura Andrade, a \u00fanica da equipe presente no evento, explicou que o aplicativo foi constru\u00eddo com o intuito de resgatar gatinhos abandonados. \u201cEstou muito orgulhosa e grata a todo mundo que me ajudou, meus familiares, meus amigos, professores. Muita gratid\u00e3o mesmo a todos\u201d, disse Laura emocionada. \u00a0 <\/p>\n<p>O terceiro lugar ficou com a equipe Rebeca do aplicativo TDAHelper, da Escola C\u00edvico Militar Chico Xavier, que foi programado com o intuito de ajudar as pessoas com necessidades especiais. Uma das alunas da equipe, Rebeca Fantini, disse se sentir honrada com a terceira coloca\u00e7\u00e3o. \u201c\u00c9 importante para os alunos para aprenderem e poderem crescer. Aprendendo a programar, futuramente podemos trabalhar nessa \u00e1rea\u201d, destacou. \u00a0 <\/p>\n<p>O Festival de Aplicativos Code teve 225 equipes inscritas no primeiro momento. Logo ap\u00f3s, foram selecionadas mais de 100, onde foram escolhidos tr\u00eas classificados por vota\u00e7\u00e3o eletr\u00f4nica popular. Foram 1.591 votos computados pela organiza\u00e7\u00e3o do evento. \u00a0 <\/p>\n<p>O Festival de Aplicativos do programa \u2018Codificar para Desenvolver (Code) \u2013 Jovens para o futuro\u2019 \u00e9 uma iniciativa da Secretaria de Educa\u00e7\u00e3o e Cultura (Sedec) com apoio da Secitec, em parceria com a Funetec. O evento aconteceu dentro da 20\u00aa Semana Nacional de Ci\u00eancia e Tecnologia (SNCT), de 23 a 25 de novembro, no Espa\u00e7o Cultural Jos\u00e9 Lins do Rego. \u00a0 <\/p>\n<p>A 20\u00aa SNCT \u00e9 apoiada pelo Minist\u00e9rio de Ci\u00eancia e Tecnologia e Inova\u00e7\u00e3o, Governo do Estado da Para\u00edba e das institui\u00e7\u00f5es de pesquisa cient\u00edficas: Conselho Nacional de Ci\u00eancia e Tecnologia (CNPq), do Fundo Nacional de Desenvolvimento Cient\u00edfico e Tecnol\u00f3gico (FNDCT), Funda\u00e7\u00e3o de Apoio ao Instituto Federal da Para\u00edba (IFPB). Al\u00e9m da colabora\u00e7\u00e3o importante da Universidade Federal da Para\u00edba (UFPB), Instituto Federal da Para\u00edba (IFPB), Universidade Estadual da Para\u00edba (UEPB), Faculdades Nova Esperan\u00e7a, Uninassau e Unip\u00ea. Al\u00e9m das empresas Daten, Proebus, Cagepa, Teletex, Funetec, Sebrae, Empreender Para\u00edba, Fiep, EPC.<\/p>\n<\/p><\/div>\n","protected":false},"excerpt":{"rendered":"<p>As escolas municipais Fenelon C\u00e2mara, do bairro do Geisel, e \u00cdndio Piragibe, de Mangabeira, tiveram suas equipes mais votadas no Festival de Aplicativos do programa \u2018Codificar para Desenvolver (Code) \u2013 Jovens para o futuro\u2019, uma iniciativa da Secretaria de Educa\u00e7\u00e3o e Cultura (Sedec) com apoio da Secretaria de Ci\u00eancia e Tecnologia (Secitec), em parceria com [&hellip;]<\/p>\n","protected":false},"author":1,"featured_media":0,"comment_status":"open","ping_status":"open","sticky":false,"template":"","format":"standard","meta":{"footnotes":""},"categories":[1],"tags":[],"class_list":["post-12124","post","type-post","status-publish","format-standard","hentry","category-noticias"],"amp_enabled":true,"_links":{"self":[{"href":"https:\/\/novasdodia.com.br\/index.php\/wp-json\/wp\/v2\/posts\/12124","targetHints":{"allow":["GET"]}}],"collection":[{"href":"https:\/\/novasdodia.com.br\/index.php\/wp-json\/wp\/v2\/posts"}],"about":[{"href":"https:\/\/novasdodia.com.br\/index.php\/wp-json\/wp\/v2\/types\/post"}],"author":[{"embeddable":true,"href":"https:\/\/novasdodia.com.br\/index.php\/wp-json\/wp\/v2\/users\/1"}],"replies":[{"embeddable":true,"href":"https:\/\/novasdodia.com.br\/index.php\/wp-json\/wp\/v2\/comments?post=12124"}],"version-history":[{"count":0,"href":"https:\/\/novasdodia.com.br\/index.php\/wp-json\/wp\/v2\/posts\/12124\/revisions"}],"wp:attachment":[{"href":"https:\/\/novasdodia.com.br\/index.php\/wp-json\/wp\/v2\/media?parent=12124"}],"wp:term":[{"taxonomy":"category","embeddable":true,"href":"https:\/\/novasdodia.com.br\/index.php\/wp-json\/wp\/v2\/categories?post=12124"},{"taxonomy":"post_tag","embeddable":true,"href":"https:\/\/novasdodia.com.br\/index.php\/wp-json\/wp\/v2\/tags?post=12124"}],"curies":[{"name":"wp","href":"https:\/\/api.w.org\/{rel}","templated":true}]}}