{"id":12138,"date":"2023-11-26T18:31:59","date_gmt":"2023-11-26T21:31:59","guid":{"rendered":"https:\/\/novasdodia.com.br\/index.php\/2023\/11\/26\/moradores-da-regiao-sul-aproveitam-domingo-no-conexao-juventude\/"},"modified":"2023-11-26T18:31:59","modified_gmt":"2023-11-26T21:31:59","slug":"moradores-da-regiao-sul-aproveitam-domingo-no-conexao-juventude","status":"publish","type":"post","link":"https:\/\/novasdodia.com.br\/index.php\/2023\/11\/26\/moradores-da-regiao-sul-aproveitam-domingo-no-conexao-juventude\/","title":{"rendered":"Moradores da regi\u00e3o sul aproveitam domingo no Conex\u00e3o Juventude"},"content":{"rendered":"<p><\/p>\n<div>\n<p><b>Paula Pessoa<\/b><br \/>&#13;<br \/>\n&#13;<br \/>\n                <span style=\"font-weight: bold;\">Secretaria de Esporte e Qualidade de Vida<\/span><\/p>\n<p><span style=\"font-weight: 400;\">O domingo (26) foi animado com o Conex\u00e3o Juventude, realizado pela Prefeitura de S\u00e3o Jos\u00e9 dos Campos\u00a0<\/span><span style=\"font-weight: 400;\">no bairro Vila das Flores, na regi\u00e3o sul de S\u00e3o Jos\u00e9 dos Campos, com divers\u00e3o e presta\u00e7\u00e3o de servi\u00e7os para os moradores.<\/span><\/p>\n<p><span style=\"font-weight: 400;\">A tarde com shows musicais da banda Andr\u00e9 Lu\u00eds e Mateus e do DJ Saninho movimentou a regi\u00e3o e o p\u00fablico.<\/span><\/p>\n<p><span style=\"font-weight: 400;\">Os amigos Clara Borges, 15 anos, Jos\u00e9 Henrique, 14 anos, Luna Giulia, 15 anos, Juliana Mirachi, 14 anos, e Larissa Leite, 15 anos, foram curtir o Conex\u00e3o juntos e aproveitaram para tirar fotos na cabine e aproveitar os shows.<\/span><\/p>\n<\/p>\n<p><span class=\"intertitulo\"><strong><span style=\"font-size: 21px;\">Divers\u00e3o em grupo\u00a0<\/span><\/strong><\/span><\/p>\n<p><span style=\"font-weight: 400;\">Est\u00e1 muito bom aqui, com v\u00e1rias atividades gratuitas para a gente aproveitar o domingo, com entretenimento para todo o bairro e f\u00e1cil acesso&#8221;, disse Larissa.<\/span><\/p>\n<p><span style=\"font-weight: 400;\">&#8220;A gente pode se divertir com os amigos e a fam\u00edlia. Vale a pena ter o Conex\u00e3o&#8221;, afirmou Luna.<\/span><\/p>\n<p><span style=\"font-weight: 400;\">A estudante Nayara Azevedo, 13 anos, mora perto da pra\u00e7a onde aconteceu o evento e tamb\u00e9m reuniu os amigos neste domingo.<\/span><\/p>\n<\/p>\n<p><span style=\"font-weight: 400;\">&#8220;J\u00e1 fui numa edi\u00e7\u00e3o do Conex\u00e3o faz uns anos, no Novo Horizonte. Parece que cada vez est\u00e1 melhor, com novidades, como a cabine de fotos e o touro mec\u00e2nico. Acho super legal a Prefeitura realizar esta a\u00e7\u00e3o. Tem muitas op\u00e7\u00f5es&#8221;.<\/span><\/p>\n<p><span style=\"font-weight: 400;\"><\/span><\/p>\n<p><span style=\"font-weight: 400;\">Quem passou pelo Conex\u00e3o teve acesso, ainda, a servi\u00e7os gratuitos, como avalia\u00e7\u00e3o f\u00edsica, corte de cabelo e design de sobrancelha e maquiagem, entre outros.<\/span><\/p>\n<p><span style=\"font-weight: 400;\">Para as crian\u00e7as e adolescentes, a programa\u00e7\u00e3o foi diversificada com: jogos de realidade virtual, brinquedos Infl\u00e1veis, touro mec\u00e2nico, cabine de fotos, Rua de Lazer, pipoca, algod\u00e3o doce e caricatura.<\/span><\/p>\n<p><span style=\"font-weight: 400;\">Tamb\u00e9m teve capoeira, games, atendimento da Secretaria de Sa\u00fade prestando informa\u00e7\u00f5es sobre ISTs\/Aids e orienta\u00e7\u00f5es sobre as arboviroses, sobretudo os cuidados com a dengue.\u00a0<\/span><\/p>\n<p>O Conex\u00e3o Juventude \u00e9 uma realiza\u00e7\u00e3o da Prefeitura, por meio do Departamento de Programas para a Juventude da\u00a0Secretaria de Esporte e Qualidade de Vida.\u00a0<\/p>\n<\/p>\n<p>&#13;<br \/>\n                        <strong>MAIS NOT\u00cdCIAS<\/strong><br \/>&#13;<br \/>\n                        Secretaria de Esporte e Qualidade de Vida&#13;\n                    <\/p>\n<\/p><\/div>\n","protected":false},"excerpt":{"rendered":"<p>Paula Pessoa&#13; &#13; Secretaria de Esporte e Qualidade de Vida O domingo (26) foi animado com o Conex\u00e3o Juventude, realizado pela Prefeitura de S\u00e3o Jos\u00e9 dos Campos\u00a0no bairro Vila das Flores, na regi\u00e3o sul de S\u00e3o Jos\u00e9 dos Campos, com divers\u00e3o e presta\u00e7\u00e3o de servi\u00e7os para os moradores. A tarde com shows musicais da banda [&hellip;]<\/p>\n","protected":false},"author":1,"featured_media":0,"comment_status":"open","ping_status":"open","sticky":false,"template":"","format":"standard","meta":{"footnotes":""},"categories":[1],"tags":[],"class_list":["post-12138","post","type-post","status-publish","format-standard","hentry","category-noticias"],"amp_enabled":true,"_links":{"self":[{"href":"https:\/\/novasdodia.com.br\/index.php\/wp-json\/wp\/v2\/posts\/12138","targetHints":{"allow":["GET"]}}],"collection":[{"href":"https:\/\/novasdodia.com.br\/index.php\/wp-json\/wp\/v2\/posts"}],"about":[{"href":"https:\/\/novasdodia.com.br\/index.php\/wp-json\/wp\/v2\/types\/post"}],"author":[{"embeddable":true,"href":"https:\/\/novasdodia.com.br\/index.php\/wp-json\/wp\/v2\/users\/1"}],"replies":[{"embeddable":true,"href":"https:\/\/novasdodia.com.br\/index.php\/wp-json\/wp\/v2\/comments?post=12138"}],"version-history":[{"count":0,"href":"https:\/\/novasdodia.com.br\/index.php\/wp-json\/wp\/v2\/posts\/12138\/revisions"}],"wp:attachment":[{"href":"https:\/\/novasdodia.com.br\/index.php\/wp-json\/wp\/v2\/media?parent=12138"}],"wp:term":[{"taxonomy":"category","embeddable":true,"href":"https:\/\/novasdodia.com.br\/index.php\/wp-json\/wp\/v2\/categories?post=12138"},{"taxonomy":"post_tag","embeddable":true,"href":"https:\/\/novasdodia.com.br\/index.php\/wp-json\/wp\/v2\/tags?post=12138"}],"curies":[{"name":"wp","href":"https:\/\/api.w.org\/{rel}","templated":true}]}}