{"id":12156,"date":"2023-11-27T02:14:26","date_gmt":"2023-11-27T05:14:26","guid":{"rendered":"https:\/\/novasdodia.com.br\/index.php\/2023\/11\/27\/governo-de-sp-distribui-mais-de-100-kits-de-combate-a-incendios\/"},"modified":"2023-11-27T02:14:26","modified_gmt":"2023-11-27T05:14:26","slug":"governo-de-sp-distribui-mais-de-100-kits-de-combate-a-incendios","status":"publish","type":"post","link":"https:\/\/novasdodia.com.br\/index.php\/2023\/11\/27\/governo-de-sp-distribui-mais-de-100-kits-de-combate-a-incendios\/","title":{"rendered":"Governo de SP distribui mais de 100 kits de combate a inc\u00eandios"},"content":{"rendered":"<p><img decoding=\"async\" src=\"https:\/\/www.saopaulo.sp.gov.br\/wp-content\/uploads\/2023\/11\/Secretaria-de-Agricultura-de-SP-distribui-mais-de-100-kits-de-combate-a-incendios.jpg\" \/><\/p>\n<div id=\"\">&#13;<br \/>\n                                <!-- Title -->&#13;<br \/>\n                                &#13;<br \/>\n&#13;<br \/>\n                                <!-- Excerpt -->&#13;<\/p>\n<p class=\"excerpt\">Agro SP+Seguro contempla as prefeituras de pequenos munic\u00edpios que n\u00e3o contam com a Guarda Municipal ou Opera\u00e7\u00e3o Delegada da Pol\u00edcia Militar<\/p>\n<p>&#13;<br \/>\n&#13;<br \/>\n                                &#13;\n                            <\/p><\/div>\n<div id=\"\">&#13;<\/p>\n<p>Com o objetivo de ampliar as a\u00e7\u00f5es relacionadas a combate a inc\u00eandios florestais, a Secretaria de Agricultura e Abastecimento, por meio do programa estadual Agro SP+Seguro, distribuiu na quarta-feira (22) mais de 100 kits de combate a focos de queimadas para prefeituras, com tanques r\u00edgidos e motobombas.<\/p>\n<p>A entrega, realizada no IAC, em Campinas, contou com a participa\u00e7\u00e3o do secret\u00e1rio de Agricultura, Guilherme Piai, e do governador do Estado, Tarc\u00edsio de Freitas.<\/p>\n<p>\u201cOs kits v\u00e3o ajudar no trabalho de preven\u00e7\u00e3o. Em 2022, no per\u00edodo de estiagem, tivemos mais de 5 mil focos de inc\u00eandio. Neste ano, foi reduzido para 1,5 mil. Por isso, precisamos equipar os munic\u00edpios com esses kits que ser\u00e3o agregados aos ve\u00edculos\u201d, destacou Tarc\u00edsio de Freitas.<\/p>\n<p>O Agro SP+Seguro contempla as prefeituras de pequenos munic\u00edpios que n\u00e3o contam com a Guarda Municipal ou Opera\u00e7\u00e3o Delegada da Pol\u00edcia Militar, ampliando a utiliza\u00e7\u00e3o dos ve\u00edculos, que ser\u00e3o operados por servidores municipais habilitados, para o monitoramento e preven\u00e7\u00e3o a inc\u00eandios nas \u00e1reas rurais. No caso dos caminh\u00f5es-pipa, ser\u00e3o conduzidos por agentes preparados e com forma\u00e7\u00e3o em curso de brigada de combate a inc\u00eandios.<\/p>\n<p>\u201cVamos fazer um trabalho de previsibilidade para os nossos produtores rurais, analisar todos os estudos da esta\u00e7\u00e3o meteorol\u00f3gica, fazendo boletins quinzenais por regi\u00e3o administrativa, com uma linguagem que o produtor entenda e com dicas para prevenir inc\u00eandios\u201d, afirmou o secret\u00e1rio de Agricultura.<\/p>\n<p>O monitoramento preventivo e as ferramentas de combate ao fogo se tornam ainda mais necess\u00e1rias com as mudan\u00e7as clim\u00e1ticas, que elevaram as temperaturas no Estado de S\u00e3o Paulo.<\/p>\n<p>\u201cTodo mundo est\u00e1 acompanhando as cat\u00e1strofes clim\u00e1ticas que v\u00eam acontecendo cada vez com mais frequ\u00eancia. Hoje o El Ni\u00f1o \u00e9 muito intenso, causando seca no Norte, ondas de calor no Centro-Oeste e Sudeste e chuvas avassaladoras na regi\u00e3o Sul. A secretaria tem a obriga\u00e7\u00e3o de agir\u201d, finaliza Guilherme Piai.<\/p>\n<p>Siga o canal \u201cGoverno de S\u00e3o Paulo\u201d no WhatsApp:<br \/>https:\/\/bit.ly\/govspnozap<\/p>\n<\/p><\/div>\n","protected":false},"excerpt":{"rendered":"<p>&#13; &#13; &#13; &#13; &#13; Agro SP+Seguro contempla as prefeituras de pequenos munic\u00edpios que n\u00e3o contam com a Guarda Municipal ou Opera\u00e7\u00e3o Delegada da Pol\u00edcia Militar &#13; &#13; &#13; &#13; Com o objetivo de ampliar as a\u00e7\u00f5es relacionadas a combate a inc\u00eandios florestais, a Secretaria de Agricultura e Abastecimento, por meio do programa estadual Agro [&hellip;]<\/p>\n","protected":false},"author":1,"featured_media":0,"comment_status":"open","ping_status":"open","sticky":false,"template":"","format":"standard","meta":{"footnotes":""},"categories":[1],"tags":[],"class_list":["post-12156","post","type-post","status-publish","format-standard","hentry","category-noticias"],"amp_enabled":true,"_links":{"self":[{"href":"https:\/\/novasdodia.com.br\/index.php\/wp-json\/wp\/v2\/posts\/12156","targetHints":{"allow":["GET"]}}],"collection":[{"href":"https:\/\/novasdodia.com.br\/index.php\/wp-json\/wp\/v2\/posts"}],"about":[{"href":"https:\/\/novasdodia.com.br\/index.php\/wp-json\/wp\/v2\/types\/post"}],"author":[{"embeddable":true,"href":"https:\/\/novasdodia.com.br\/index.php\/wp-json\/wp\/v2\/users\/1"}],"replies":[{"embeddable":true,"href":"https:\/\/novasdodia.com.br\/index.php\/wp-json\/wp\/v2\/comments?post=12156"}],"version-history":[{"count":0,"href":"https:\/\/novasdodia.com.br\/index.php\/wp-json\/wp\/v2\/posts\/12156\/revisions"}],"wp:attachment":[{"href":"https:\/\/novasdodia.com.br\/index.php\/wp-json\/wp\/v2\/media?parent=12156"}],"wp:term":[{"taxonomy":"category","embeddable":true,"href":"https:\/\/novasdodia.com.br\/index.php\/wp-json\/wp\/v2\/categories?post=12156"},{"taxonomy":"post_tag","embeddable":true,"href":"https:\/\/novasdodia.com.br\/index.php\/wp-json\/wp\/v2\/tags?post=12156"}],"curies":[{"name":"wp","href":"https:\/\/api.w.org\/{rel}","templated":true}]}}