{"id":12233,"date":"2023-11-28T03:30:11","date_gmt":"2023-11-28T06:30:11","guid":{"rendered":"https:\/\/novasdodia.com.br\/index.php\/2023\/11\/28\/radar-14a-edicao-do-conict-tem-numeros-recordes-ifsp\/"},"modified":"2023-11-28T03:30:11","modified_gmt":"2023-11-28T06:30:11","slug":"radar-14a-edicao-do-conict-tem-numeros-recordes-ifsp","status":"publish","type":"post","link":"https:\/\/novasdodia.com.br\/index.php\/2023\/11\/28\/radar-14a-edicao-do-conict-tem-numeros-recordes-ifsp\/","title":{"rendered":"Radar: 14\u00aa edi\u00e7\u00e3o do Conict tem n\u00fameros recordes &#8211; IFSP"},"content":{"rendered":"<p><\/p>\n<div>\n<div class=\"subtitle\">\n<p><span data-contrast=\"auto\">Confira um pouco do que aconteceu no Congresso de Inova\u00e7\u00e3o, Ci\u00eancia e Tecnologia do IFSP<\/span><span data-ccp-props=\"{&quot;201341983&quot;:0,&quot;335559739&quot;:160,&quot;335559740&quot;:259}\">\u00a0<\/span><\/p>\n<\/div>\n<p><!-- fim .content-header-options-1 --><\/p>\n<p><span data-ccp-props=\"{&quot;201341983&quot;:0,&quot;335559739&quot;:160,&quot;335559740&quot;:259}\"><\/span><span data-contrast=\"auto\">A edi\u00e7\u00e3o 2023 do Congresso de Inova\u00e7\u00e3o, Ci\u00eancia e Tecnologia do IFSP (Conict) \u00e9 a maior da hist\u00f3ria do evento, que j\u00e1 conta com 14 edi\u00e7\u00f5es. Neste ano, o congresso foi realizado no Campus Capivari, onde centenas de estudantes que desenvolvem projetos de Inicia\u00e7\u00e3o Cient\u00edfica e Tecnol\u00f3gica apresentam seus trabalhos nos formatos presencial e online.<\/span><span data-ccp-props=\"{&quot;201341983&quot;:0,&quot;335559739&quot;:160,&quot;335559740&quot;:259}\">\u00a0<\/span><\/p>\n<p><span data-contrast=\"auto\">O pr\u00f3-reitor de Pesquisa e P\u00f3s-Gradua\u00e7\u00e3o do IFSP, Adalton Ozaki, contou que foram mais de mil submiss\u00f5es, sendo que algumas delas foram incompletas. No total, foram <\/span><span data-contrast=\"none\">757 submiss\u00f5es completas, das quais 636 foram apresentadas durante os dias 22, 23 e 24 de novembro. Adalton afirmou que os n\u00fameros refletem a for\u00e7a da Pesquisa no Instituto.<\/span><span data-ccp-props=\"{&quot;201341983&quot;:0,&quot;335559739&quot;:160,&quot;335559740&quot;:259}\">\u00a0<\/span><\/p>\n<p><span data-contrast=\"none\">Leticia Pedroso Ramos, diretora-geral do Campus Capivari, disse que toda a comunidade do campus se envolveu com a realiza\u00e7\u00e3o do evento, e que o Conict \u00e9 uma oportunidade de a comunidade conhecer aquilo que \u00e9 produzido no IFSP em termos de Pesquisa e Inova\u00e7\u00e3o.<\/span><span data-ccp-props=\"{&quot;201341983&quot;:0,&quot;335559739&quot;:160,&quot;335559740&quot;:259}\">\u00a0<\/span><\/p>\n<p><span data-contrast=\"none\">Eder Jos\u00e9 da Costa Sacconi, diretor executivo da Inova, afirmou que o Conict \u00e9 tamb\u00e9m um evento que fortalece as conex\u00f5es entre os servidores e estudantes que realizam Pesquisa, Desenvolvimento e Inova\u00e7\u00e3o no IFSP, intera\u00e7\u00e3o esta que fortalece v\u00ednculos e cria novas oportunidades<\/span><span data-ccp-props=\"{&quot;201341983&quot;:0,&quot;335559739&quot;:160,&quot;335559740&quot;:259}\">\u00a0<\/span><\/p>\n<p><span data-contrast=\"none\">Kauany Fernandes Santos \u00e9 aluna do IFSP Campus Birigui e estava entre os estudantes que foram apresentar seu trabalho presencialmente no Conict. Ela apresentou um trabalho de revis\u00e3o bibliogr\u00e1fica sobre <\/span><span data-contrast=\"none\">o meio interestelar e disse que o que mais gostou no evento foi de poder conhecer pessoas de diferentes campi que, assim como ela, tamb\u00e9m se interessam pela pesquisa.<\/span><span data-ccp-props=\"{&quot;201341983&quot;:0,&quot;335559739&quot;:160,&quot;335559740&quot;:259}\">\u00a0<\/span><\/p>\n<p><span data-contrast=\"none\">Assista ao v\u00eddeo e confira um pouco do que rolou no 14\u00ba Conict:<\/span><\/p>\n<p><span data-contrast=\"none\"><iframe loading=\"lazy\" title=\"RADAR - CONICT 2023\" width=\"640\" height=\"360\" src=\"https:\/\/www.youtube.com\/embed\/TQtq33ED7GQ?feature=oembed\" frameborder=\"0\" allow=\"accelerometer; autoplay; clipboard-write; encrypted-media; gyroscope; picture-in-picture; web-share\" referrerpolicy=\"strict-origin-when-cross-origin\" allowfullscreen><\/iframe><\/span><\/p>\n<\/div>\n<p><script>(function(d, s, id) {\n  var js, fjs = d.getElementsByTagName(s)[0];\n  if (d.getElementById(id)) return;\n  js = d.createElement(s); js.id = id;\n  js.src = \"\/\/connect.facebook.net\/pt_BR\/all.js#xfbml=1&appId=509544779073047\";\n  fjs.parentNode.insertBefore(js, fjs);\n }(document, 'script', 'facebook-jssdk'));<\/script><\/p>\n","protected":false},"excerpt":{"rendered":"<p>Confira um pouco do que aconteceu no Congresso de Inova\u00e7\u00e3o, Ci\u00eancia e Tecnologia do IFSP\u00a0 A edi\u00e7\u00e3o 2023 do Congresso de Inova\u00e7\u00e3o, Ci\u00eancia e Tecnologia do IFSP (Conict) \u00e9 a maior da hist\u00f3ria do evento, que j\u00e1 conta com 14 edi\u00e7\u00f5es. Neste ano, o congresso foi realizado no Campus Capivari, onde centenas de estudantes que [&hellip;]<\/p>\n","protected":false},"author":1,"featured_media":0,"comment_status":"open","ping_status":"open","sticky":false,"template":"","format":"standard","meta":{"footnotes":""},"categories":[1],"tags":[],"class_list":["post-12233","post","type-post","status-publish","format-standard","hentry","category-noticias"],"amp_enabled":true,"_links":{"self":[{"href":"https:\/\/novasdodia.com.br\/index.php\/wp-json\/wp\/v2\/posts\/12233","targetHints":{"allow":["GET"]}}],"collection":[{"href":"https:\/\/novasdodia.com.br\/index.php\/wp-json\/wp\/v2\/posts"}],"about":[{"href":"https:\/\/novasdodia.com.br\/index.php\/wp-json\/wp\/v2\/types\/post"}],"author":[{"embeddable":true,"href":"https:\/\/novasdodia.com.br\/index.php\/wp-json\/wp\/v2\/users\/1"}],"replies":[{"embeddable":true,"href":"https:\/\/novasdodia.com.br\/index.php\/wp-json\/wp\/v2\/comments?post=12233"}],"version-history":[{"count":0,"href":"https:\/\/novasdodia.com.br\/index.php\/wp-json\/wp\/v2\/posts\/12233\/revisions"}],"wp:attachment":[{"href":"https:\/\/novasdodia.com.br\/index.php\/wp-json\/wp\/v2\/media?parent=12233"}],"wp:term":[{"taxonomy":"category","embeddable":true,"href":"https:\/\/novasdodia.com.br\/index.php\/wp-json\/wp\/v2\/categories?post=12233"},{"taxonomy":"post_tag","embeddable":true,"href":"https:\/\/novasdodia.com.br\/index.php\/wp-json\/wp\/v2\/tags?post=12233"}],"curies":[{"name":"wp","href":"https:\/\/api.w.org\/{rel}","templated":true}]}}