{"id":12353,"date":"2023-11-30T03:53:06","date_gmt":"2023-11-30T06:53:06","guid":{"rendered":"https:\/\/novasdodia.com.br\/index.php\/2023\/11\/30\/criancas-recebem-idosos-para-brincar-e-aprender-na-escola\/"},"modified":"2023-11-30T03:53:06","modified_gmt":"2023-11-30T06:53:06","slug":"criancas-recebem-idosos-para-brincar-e-aprender-na-escola","status":"publish","type":"post","link":"https:\/\/novasdodia.com.br\/index.php\/2023\/11\/30\/criancas-recebem-idosos-para-brincar-e-aprender-na-escola\/","title":{"rendered":"Crian\u00e7as recebem idosos para brincar e aprender na escola"},"content":{"rendered":"<p><\/p>\n<div>\n<p><b>Paula Pessoa<\/b><br \/>&#13;<br \/>\n&#13;<br \/>\n                <span style=\"font-weight: bold;\">Secretaria de Educa\u00e7\u00e3o e Cidadania<\/span><\/p>\n<p><em>Colabora\u00e7\u00e3o da estagi\u00e1ria Sara Borato<\/em><\/p>\n<p><span style=\"font-weight: 400;\">Dona Teresa, 86 anos, fez amizade e passou uma tarde diferente, repleta de hist\u00f3rias, desenhos e afetos ao lado de Eliel, de apenas 6. Oito d\u00e9cadas separam as duas gera\u00e7\u00f5es, que foram unidas por meio do carinho e da alfabetiza\u00e7\u00e3o.<\/span><\/p>\n<p><span style=\"font-weight: 400;\">O encontro ocorreu numa sala de aula da Escola Municipal de Educa\u00e7\u00e3o Infantil Aladir Maia Ribeiro Gomes, no Jardim Sat\u00e9lite. A intera\u00e7\u00e3o \u00e9 importante para ele na escola e tamb\u00e9m para ela, que aprende a ler e escrever na Casa do Idoso Sul.<\/span><\/p>\n<p><span style=\"font-weight: 400;\">Experi\u00eancias intergeracionais cercadas por criatividade e brincadeiras s\u00e3o proporcionadas \u00e0s crian\u00e7as do pr\u00e9 2 na rede de ensino municipal por meio do projeto Pedagogia Empreendedora dos Sonhos durante todo o ano, sob a orienta\u00e7\u00e3o do Cedemp (Centro de Educa\u00e7\u00e3o Empreendedora).<\/span><\/p>\n<p><span style=\"font-weight: 400;\">As a\u00e7\u00f5es propostas possibilitam a viv\u00eancia de valores humanos e caracter\u00edsticas empreendedoras, despertando nos pequenos a capacidade de sonhar e o desejo de realizar de forma l\u00fadica. Mais de 7.500 crian\u00e7as do pr\u00e9 2 participam das atividades.<\/span><\/p>\n<p><span style=\"font-weight: 400;\"><br \/><\/span><\/p>\n<p><span class=\"intertitulo\">Amor<\/span><\/p>\n<p><span style=\"font-weight: 400;\">Durante as aulas do projeto, as turminhas elencaram como sonho coletivo experi\u00eancias de brincadeiras e visitas de idosos, al\u00e9m de uma a\u00e7\u00e3o social\u00a0 envolvendo as fam\u00edlias dos alunos na arrecada\u00e7\u00e3o de itens de higiene para doar ao Asilo Santo Ant\u00f4nio, como forma de refor\u00e7ar a import\u00e2ncia do cuidado e respeito aos mais velhos.<\/span><\/p>\n<p><span style=\"font-weight: 400;\">Com apoio da Prefeitura, a escola organizou um encontro com os idosos da Casa do Idoso Sul. Na sala de aula, as diferentes gera\u00e7\u00f5es aproveitaram o momento com jogos de mem\u00f3ria, brincadeiras, ch\u00e1 da tarde, troca de mensagens e desenhos.<\/span><\/p>\n<\/p>\n<p><span style=\"font-weight: 400;\">\u201cEles ficaram super animados com o projeto\u201d, destaca a professora Lidiane Aparecida Mendes. \u201cNo encontro com os av\u00f3s, pudemos ver que a comunidade tamb\u00e9m se engajou e ficou feliz.\u201d<\/span><\/p>\n<\/p>\n<p><span style=\"font-weight: 400;\">Melissa Gon\u00e7alves Marcondes ficou muito feliz com a visita dos idosos \u00e0 escola. \u201cAchei legal fazer parte desse projeto. Os idosos s\u00e3o muito importantes para a gente, e eles s\u00e3o legais. Constru\u00edmos jogo da mem\u00f3ria, dos n\u00fameros e da lagarta para brincar com eles na escola.\u201d<\/span><\/p>\n<\/p>\n<p><span style=\"font-weight: 400;\">\u201cEu aprendi que \u00e9 muito legal e importante cuidar dos idosos, eles s\u00e3o queridos\u201d, disse Pedro David Cardoso. \u201cDe tudo que tem na escola, o que eu mais gosto \u00e9 do parquinho e das aulas da Pedagogia dos Sonhos.\u201d<\/span><\/p>\n<p><span style=\"font-weight: 400;\"><\/span><\/p>\n<p><span style=\"font-weight: 400;\">Para Solange Aparecida dos Santos, 65 anos, que participa na Casa do Idoso Sul, a experi\u00eancia foi emocionante. \u201c\u00c9 uma semente plantada no cora\u00e7\u00e3o das crian\u00e7as, pois no futuro elas ter\u00e3o esse carinho e dedica\u00e7\u00e3o com a fam\u00edlia, com as av\u00f3s e av\u00f4s.\u201d<\/span><\/p>\n<p>&#13;<br \/>\n                        <strong>MAIS NOT\u00cdCIAS<\/strong><br \/>&#13;<br \/>\n                        Secretaria de Educa\u00e7\u00e3o e Cidadania&#13;\n                    <\/p>\n<\/p><\/div>\n","protected":false},"excerpt":{"rendered":"<p>Paula Pessoa&#13; &#13; Secretaria de Educa\u00e7\u00e3o e Cidadania Colabora\u00e7\u00e3o da estagi\u00e1ria Sara Borato Dona Teresa, 86 anos, fez amizade e passou uma tarde diferente, repleta de hist\u00f3rias, desenhos e afetos ao lado de Eliel, de apenas 6. Oito d\u00e9cadas separam as duas gera\u00e7\u00f5es, que foram unidas por meio do carinho e da alfabetiza\u00e7\u00e3o. O encontro [&hellip;]<\/p>\n","protected":false},"author":1,"featured_media":0,"comment_status":"open","ping_status":"open","sticky":false,"template":"","format":"standard","meta":{"footnotes":""},"categories":[1],"tags":[],"class_list":["post-12353","post","type-post","status-publish","format-standard","hentry","category-noticias"],"amp_enabled":true,"_links":{"self":[{"href":"https:\/\/novasdodia.com.br\/index.php\/wp-json\/wp\/v2\/posts\/12353","targetHints":{"allow":["GET"]}}],"collection":[{"href":"https:\/\/novasdodia.com.br\/index.php\/wp-json\/wp\/v2\/posts"}],"about":[{"href":"https:\/\/novasdodia.com.br\/index.php\/wp-json\/wp\/v2\/types\/post"}],"author":[{"embeddable":true,"href":"https:\/\/novasdodia.com.br\/index.php\/wp-json\/wp\/v2\/users\/1"}],"replies":[{"embeddable":true,"href":"https:\/\/novasdodia.com.br\/index.php\/wp-json\/wp\/v2\/comments?post=12353"}],"version-history":[{"count":0,"href":"https:\/\/novasdodia.com.br\/index.php\/wp-json\/wp\/v2\/posts\/12353\/revisions"}],"wp:attachment":[{"href":"https:\/\/novasdodia.com.br\/index.php\/wp-json\/wp\/v2\/media?parent=12353"}],"wp:term":[{"taxonomy":"category","embeddable":true,"href":"https:\/\/novasdodia.com.br\/index.php\/wp-json\/wp\/v2\/categories?post=12353"},{"taxonomy":"post_tag","embeddable":true,"href":"https:\/\/novasdodia.com.br\/index.php\/wp-json\/wp\/v2\/tags?post=12353"}],"curies":[{"name":"wp","href":"https:\/\/api.w.org\/{rel}","templated":true}]}}