{"id":12495,"date":"2023-12-02T09:49:02","date_gmt":"2023-12-02T12:49:02","guid":{"rendered":"https:\/\/novasdodia.com.br\/index.php\/2023\/12\/02\/com-protagonismo-estudantil-escola-do-morumbi-recebe-selo-5-0\/"},"modified":"2023-12-02T09:49:02","modified_gmt":"2023-12-02T12:49:02","slug":"com-protagonismo-estudantil-escola-do-morumbi-recebe-selo-5-0","status":"publish","type":"post","link":"https:\/\/novasdodia.com.br\/index.php\/2023\/12\/02\/com-protagonismo-estudantil-escola-do-morumbi-recebe-selo-5-0\/","title":{"rendered":"Com protagonismo estudantil, Escola do Morumbi recebe selo 5.0"},"content":{"rendered":"<p><\/p>\n<div>\n<p><b>Paula Pessoa<\/b><br \/>&#13;<br \/>\n&#13;<br \/>\n                <span style=\"font-weight: bold;\">Secretaria de Educa\u00e7\u00e3o e Cidadania<\/span><\/p>\n<p><em><span style=\"font-weight: 400;\">Colaborou a estagi\u00e1ria Sara Borato<\/span><\/em><\/p>\n<p><span style=\"font-weight: 400;\">A Emefi Prof\u00aa Homera da Silva Braga, presente no Morumbi, na regi\u00e3o sul, h\u00e1 mais de 30 anos, foi a 17\u00aa escola da Prefeitura de S\u00e3o Jos\u00e9 dos Campos a ser certificada como 5.0.<\/span><\/p>\n<p><span style=\"font-weight: 400;\">Atendendo mais de 950 alunos, do 1\u00ba ao 9\u00ba ano, a unidade escolar acolheu o selo do programa Educa\u00e7\u00e3o 5.0 com muita festa entre alunos, profissionais da Educa\u00e7\u00e3o e convidados na tarde desta sexta-feira (1).\u00a0<\/span><\/p>\n<p><span style=\"font-weight: 400;\">O destaque ficou por conta do protagonismo estudantil, com os pr\u00f3prios estudantes recebendo as autoridades e visitas em cada espa\u00e7o e sala de aula, apresentando as novidades e atividades e representando a escola com orgulho e carinho.\u00a0<\/span><\/p>\n<p><span style=\"font-weight: 400;\"><\/span><\/p>\n<p><span class=\"intertitulo\">Protagonismo e orgulho<\/span><\/p>\n<p><span style=\"font-weight: 400;\">&#8220;A certifica\u00e7\u00e3o traz n\u00e3o s\u00f3 adequa\u00e7\u00f5es tecnol\u00f3gicas e novos espa\u00e7os para a escola, mas tamb\u00e9m simboliza uma mudan\u00e7a de paradigma no ensino, com o aluno no centro. Estamos muito felizes e esperamos que todos, incluindo a comunidade escolar, aproveitem as novidades. Os alunos est\u00e3o animados e percebem a import\u00e2ncia deles na escola&#8221;, afirmou Douglas Dellamonica, orientador pedag\u00f3gico.<\/span><\/p>\n<p><span style=\"font-weight: 400;\"><\/span><\/p>\n<p><span style=\"font-weight: 400;\">&#8220;Eu me sinto muito feliz e grata com o dia de hoje na escola. Estou aqui desde o 1\u00b0 ano, \u00e9 como se fosse minha segunda casa e \u00e9 \u00f3timo ver os novos espa\u00e7os, toda infraestrutura, ficou mais moderna, organizada e com novos recursos. Minha sala preferida \u00e9 a Google&#8221;, disse a aluna Clariane Ribeiro da Silva, 12 anos, do 6\u00b0 ano.<\/span><span style=\"font-weight: 400;\"\/><\/p>\n<p><span style=\"font-weight: 400;\"><\/span><\/p>\n<p><span style=\"font-weight: 400;\">&#8220;Fiquei feliz ao tocar violino no evento de certifica\u00e7\u00e3o e ver como a nossa escola evoluiu ao longo do tempo. Foi uma honra poder me apresentar hoje aqui&#8221;, contou Gabriel F\u00e9lix Kloy, 11 anos, do 5\u00b0 ano.<\/span><\/p>\n<p><span style=\"font-weight: 400;\">&#8220;Adorei a Sala de Ci\u00eancias porque ela ficou bem grandona. Gosto de usar a Plei pra aprender minhas mat\u00e9rias preferidas, que s\u00e3o Artes e Matem\u00e1tica. Quero ser m\u00fasico profissional quando crescer&#8221;, completou Gabriel.<\/span><\/p>\n<p><span style=\"font-weight: 400;\"><\/span><\/p>\n<p><span class=\"intertitulo\">Educa\u00e7\u00e3o 5.0<\/span><\/p>\n<p><span style=\"font-weight: 400;\">A Emefi Homera conta com16 salas de aula, Sala de Leitura, Sala para Oficina de Aprendizagem, Sala Google, Maker, Salas para Educa\u00e7\u00e3o Especial Inclusiva, Servi\u00e7o Social e Psic\u00f3logo, play ground, espa\u00e7os coletivos e salas administrativas e foi totalmente revitalizada para bem atender a comunidade escolar, com os mais de 70 profissionais da Educa\u00e7\u00e3o.\u00a0\u00a0<\/span><\/p>\n<p><span style=\"font-weight: 400;\">Por meio do programa Educa\u00e7\u00e3o 5.0 da rede de ensino municipal, a educa\u00e7\u00e3o p\u00fablica se atualiza e acompanha o desenvolvimento do mundo, com as tecnologias e novidades que preparam a nova gera\u00e7\u00e3o para o futuro.\u00a0<\/span><\/p>\n<p><span style=\"font-weight: 400;\">Os novos ambientes, salas, laborat\u00f3rios, ferramentas tecnol\u00f3gicas e projetos pedag\u00f3gicos visam o desenvolvimento das habilidades e compet\u00eancias socioemocionais dos estudantes, que se preparam para o futuro.\u00a0<\/span><\/p>\n<p><span style=\"font-weight: 400;\"><\/span><\/p>\n<p><span class=\"intertitulo\">Transforma\u00e7\u00e3o digital\u00a0<\/span><\/p>\n<p><span style=\"font-weight: 400;\">O programa Educa\u00e7\u00e3o 5.0 foi lan\u00e7ado pela Prefeitura em 2021 e visa consolidar a transforma\u00e7\u00e3o digital na rede de ensino municipal com um novo modelo educacional, em que a escola passa a dispor de ferramentas tecnol\u00f3gicas para aprimorar o ensino, al\u00e9m de ambientes mais din\u00e2micos, colaborativos e de intera\u00e7\u00e3o.<\/span><\/p>\n<p><span style=\"font-weight: 400;\">O programa j\u00e1 foi implantado em outras 16 unidades da rede municipal de ensino, que s\u00e3o: Emefi Alda de Souza Ara\u00fajo (Jardim Mesquita), Emefi Luiza Guratti (Setville), Emefi Maria Antonieta Payar (Residencial Pinheirinho dos Palmares), Emefi Emmanuel dos Santos (Residencial Frei Galv\u00e3o), Emefi Palmyra Sant\u2019Anna (Vila Industrial), Emefi Terezinha Ara\u00fajo (Jardim Santa Herm\u00ednia), Emefi Leonor Pereira Nunes Galv\u00e3o (Vila Industrial), Emefi Martha Abib Castanho (Jardim Sat\u00e9lite), Emefi Prof\u00aa Therezinha do Menino Jesus do Nascimento (Dom Pedro I), Emefi Prof\u00ba \u00c1lvaro Gon\u00e7alves (Campo dos Alem\u00e3es), Emefi Prof\u00aa Vera Babo de Oliveira (Altos de Santana), Emefi Prof\u00aa Maria Of\u00e9lia Veneziani Pedrosa (Jardim P\u00f4r do Sol),\u00a0 Emefi Prof\u00aa L\u00facia Pereira (Jd. Santo Onofre),\u00a0 Emefi Prof\u00aa Otac\u00edlia Madureira de Moura (Vila Nova Concei\u00e7\u00e3o), Emefi Mercedes Rachid Edwards (S\u00e3o Francisco Xavier) e Emefi Doutor Possid\u00f4nio Jos\u00e9 de Freitas (Galo Branco).\u00a0<\/span><\/p>\n<\/p>\n<p>&#13;<br \/>\n                        <strong>MAIS NOT\u00cdCIAS<\/strong><br \/>&#13;<br \/>\n                        Secretaria de Educa\u00e7\u00e3o e Cidadania&#13;\n                    <\/p>\n<\/p><\/div>\n","protected":false},"excerpt":{"rendered":"<p>Paula Pessoa&#13; &#13; Secretaria de Educa\u00e7\u00e3o e Cidadania Colaborou a estagi\u00e1ria Sara Borato A Emefi Prof\u00aa Homera da Silva Braga, presente no Morumbi, na regi\u00e3o sul, h\u00e1 mais de 30 anos, foi a 17\u00aa escola da Prefeitura de S\u00e3o Jos\u00e9 dos Campos a ser certificada como 5.0. Atendendo mais de 950 alunos, do 1\u00ba ao [&hellip;]<\/p>\n","protected":false},"author":1,"featured_media":0,"comment_status":"open","ping_status":"open","sticky":false,"template":"","format":"standard","meta":{"footnotes":""},"categories":[1],"tags":[],"class_list":["post-12495","post","type-post","status-publish","format-standard","hentry","category-noticias"],"amp_enabled":true,"_links":{"self":[{"href":"https:\/\/novasdodia.com.br\/index.php\/wp-json\/wp\/v2\/posts\/12495","targetHints":{"allow":["GET"]}}],"collection":[{"href":"https:\/\/novasdodia.com.br\/index.php\/wp-json\/wp\/v2\/posts"}],"about":[{"href":"https:\/\/novasdodia.com.br\/index.php\/wp-json\/wp\/v2\/types\/post"}],"author":[{"embeddable":true,"href":"https:\/\/novasdodia.com.br\/index.php\/wp-json\/wp\/v2\/users\/1"}],"replies":[{"embeddable":true,"href":"https:\/\/novasdodia.com.br\/index.php\/wp-json\/wp\/v2\/comments?post=12495"}],"version-history":[{"count":0,"href":"https:\/\/novasdodia.com.br\/index.php\/wp-json\/wp\/v2\/posts\/12495\/revisions"}],"wp:attachment":[{"href":"https:\/\/novasdodia.com.br\/index.php\/wp-json\/wp\/v2\/media?parent=12495"}],"wp:term":[{"taxonomy":"category","embeddable":true,"href":"https:\/\/novasdodia.com.br\/index.php\/wp-json\/wp\/v2\/categories?post=12495"},{"taxonomy":"post_tag","embeddable":true,"href":"https:\/\/novasdodia.com.br\/index.php\/wp-json\/wp\/v2\/tags?post=12495"}],"curies":[{"name":"wp","href":"https:\/\/api.w.org\/{rel}","templated":true}]}}