{"id":12501,"date":"2023-12-02T12:38:09","date_gmt":"2023-12-02T15:38:09","guid":{"rendered":"https:\/\/novasdodia.com.br\/index.php\/2023\/12\/02\/agencia-minas-gerais-governador-marca-presenca-no-1-encontro-de-muladeiros-de-passos\/"},"modified":"2023-12-02T12:38:09","modified_gmt":"2023-12-02T15:38:09","slug":"agencia-minas-gerais-governador-marca-presenca-no-1-encontro-de-muladeiros-de-passos","status":"publish","type":"post","link":"https:\/\/novasdodia.com.br\/index.php\/2023\/12\/02\/agencia-minas-gerais-governador-marca-presenca-no-1-encontro-de-muladeiros-de-passos\/","title":{"rendered":"Ag\u00eancia Minas Gerais | Governador marca presen\u00e7a no 1\u00b0 encontro de Muladeiros de Passos"},"content":{"rendered":"<p><\/p>\n<div>\n<p>Na manh\u00e3 deste s\u00e1bado (2\/12), o governador Romeu Zema esteve em Passos, no Sul de Minas, onde participou da abertura do 1\u00b0 Encontro de Muladeiros de Passos. O evento\u00a0re\u00fane criadores de mula\u00a0de diversas regi\u00f5es do pa\u00eds e conta com exposi\u00e7\u00f5es e competi\u00e7\u00f5es variadas.<\/p>\n<p>Na ocasi\u00e3o, o governador conversou com os cavaleiros e com o p\u00fablico presentes e destacou os avan\u00e7os do Estado, principalmente na \u00e1rea da sa\u00fade. Vale lembrar que ap\u00f3s o Encontro de Muladeiros, no domingo, vai acontecer a 4\u00aa Queima do Alho, com o objetivo de arrecadar recursos para o Hospital Regional do C\u00e2ncer de Passos.<\/p>\n<\/p><\/div>\n","protected":false},"excerpt":{"rendered":"<p>Na manh\u00e3 deste s\u00e1bado (2\/12), o governador Romeu Zema esteve em Passos, no Sul de Minas, onde participou da abertura do 1\u00b0 Encontro de Muladeiros de Passos. O evento\u00a0re\u00fane criadores de mula\u00a0de diversas regi\u00f5es do pa\u00eds e conta com exposi\u00e7\u00f5es e competi\u00e7\u00f5es variadas. Na ocasi\u00e3o, o governador conversou com os cavaleiros e com o p\u00fablico [&hellip;]<\/p>\n","protected":false},"author":1,"featured_media":0,"comment_status":"open","ping_status":"open","sticky":false,"template":"","format":"standard","meta":{"footnotes":""},"categories":[1],"tags":[],"class_list":["post-12501","post","type-post","status-publish","format-standard","hentry","category-noticias"],"amp_enabled":true,"_links":{"self":[{"href":"https:\/\/novasdodia.com.br\/index.php\/wp-json\/wp\/v2\/posts\/12501","targetHints":{"allow":["GET"]}}],"collection":[{"href":"https:\/\/novasdodia.com.br\/index.php\/wp-json\/wp\/v2\/posts"}],"about":[{"href":"https:\/\/novasdodia.com.br\/index.php\/wp-json\/wp\/v2\/types\/post"}],"author":[{"embeddable":true,"href":"https:\/\/novasdodia.com.br\/index.php\/wp-json\/wp\/v2\/users\/1"}],"replies":[{"embeddable":true,"href":"https:\/\/novasdodia.com.br\/index.php\/wp-json\/wp\/v2\/comments?post=12501"}],"version-history":[{"count":0,"href":"https:\/\/novasdodia.com.br\/index.php\/wp-json\/wp\/v2\/posts\/12501\/revisions"}],"wp:attachment":[{"href":"https:\/\/novasdodia.com.br\/index.php\/wp-json\/wp\/v2\/media?parent=12501"}],"wp:term":[{"taxonomy":"category","embeddable":true,"href":"https:\/\/novasdodia.com.br\/index.php\/wp-json\/wp\/v2\/categories?post=12501"},{"taxonomy":"post_tag","embeddable":true,"href":"https:\/\/novasdodia.com.br\/index.php\/wp-json\/wp\/v2\/tags?post=12501"}],"curies":[{"name":"wp","href":"https:\/\/api.w.org\/{rel}","templated":true}]}}