{"id":12635,"date":"2023-12-04T17:24:58","date_gmt":"2023-12-04T20:24:58","guid":{"rendered":"https:\/\/novasdodia.com.br\/index.php\/2023\/12\/04\/com-foco-na-lideranca-gestores-da-ses-participam-de-capacitacao-portal-do-governo-de-mato-grosso-do-sul\/"},"modified":"2023-12-04T17:24:58","modified_gmt":"2023-12-04T20:24:58","slug":"com-foco-na-lideranca-gestores-da-ses-participam-de-capacitacao-portal-do-governo-de-mato-grosso-do-sul","status":"publish","type":"post","link":"https:\/\/novasdodia.com.br\/index.php\/2023\/12\/04\/com-foco-na-lideranca-gestores-da-ses-participam-de-capacitacao-portal-do-governo-de-mato-grosso-do-sul\/","title":{"rendered":"com foco na lideran\u00e7a, gestores da SES participam de capacita\u00e7\u00e3o \u2013 Portal do Governo de Mato Grosso do Sul"},"content":{"rendered":"<p><\/p>\n<div>\n<p>A SES (Secretaria de Estado de Sa\u00fade), por meio da Assessoria de Apoio \u00e0 Comunica\u00e7\u00e3o, iniciou nesta segunda-feira (4) mais uma etapa do projeto Comunica SES com o curso de Lideran\u00e7a. A capacita\u00e7\u00e3o \u00e9 voltada aos gestores da \u00e1rea da\u00a0 sa\u00fade e tem como objetivo aprimorar as habilidades em comunica\u00e7\u00e3o dos colaboradores da SES. O curso segue at\u00e9 ter\u00e7a-feira (5) e \u00e9 ministrado pelo professor mestre Ivanir Casagranda, na ETSUS Professora Ena de Ara\u00fajo Galv\u00e3o, em Campo Grande.<\/p>\n<p>Para Casagranda o projeto \u00e9 uma iniciativa positiva para a constante capacita\u00e7\u00e3o dos servidores. \u201cEsse processo de aprendizagem, de treinamento, de reciclagem precisa sempre ocorrer e, dentro desse processo, est\u00e1 a comunica\u00e7\u00e3o. O curso de lideran\u00e7a vai auxiliar esses gestores a aprimorar a comunica\u00e7\u00e3o dentro de suas equipes e, assim, melhorar os resultados\u201d.<\/p>\n<p>Conforme o chefe da Assessoria de Apoio \u00e0 Comunica\u00e7\u00e3o, Rodson Lima, o projeto Comunica SES foi criado com o objetivo de melhorar a comunica\u00e7\u00e3o interna. \u201cO Comunica SES \u00e9 um projeto de educa\u00e7\u00e3o permanente, tecnologia e comunica\u00e7\u00e3o em sa\u00fade que veio para ficar. Vamos seguir capacitando nossos colaboradores e aprimorando essa importante ferramenta que \u00e9 a comunica\u00e7\u00e3o\u201d.<\/p>\n<p>O curso de Lideran\u00e7a \u00e9 composto por aulas expositivas do conte\u00fado e atividades pr\u00e1ticas para fixa\u00e7\u00e3o da aprendizagem. Entre os temas abordados est\u00e3o as compet\u00eancias da lideran\u00e7a, habilidades da intelig\u00eancia emocional na lideran\u00e7a, lideran\u00e7a e estrat\u00e9gia organizacional, estrat\u00e9gias de comunica\u00e7\u00e3o, como n\u00e3o deve ser a comunica\u00e7\u00e3o do l\u00edder, entre outros.<\/p>\n<div id=\"gallery-1\" class=\"gallery galleryid-458566 gallery-columns-1 gallery-size-large\">\n<figure class=\"gallery-item\">\n<div class=\"gallery-icon landscape\"><\/div>\n<\/figure><\/div>\n<p><strong>Comunica SES<\/strong><\/p>\n<p>O projeto Comunica SES \u00e9 fruto de uma parceria entre a SES (Secretaria de Estado de Sa\u00fade), por meio da Assessoria de Apoio \u00e0 Comunica\u00e7\u00e3o, Escolagov (Funda\u00e7\u00e3o Escola de Governo de Mato Grosso do Sul) e Secom (Secretaria-Executiva de Comunica\u00e7\u00e3o), e apoio da ESP (Escola de Sa\u00fade P\u00fablica Dr. Jorge David Nasser), ETSUS (Escola T\u00e9cnica do SUS) Professora Ena de Ara\u00fajo Galv\u00e3o e coordenadoria de Tecnologia de Inform\u00e1tica e Informa\u00e7\u00e3o da SES, e tem como foco o desenvolvimento dos profissionais de sa\u00fade, por meio da educa\u00e7\u00e3o permanente, tecnologia e comunica\u00e7\u00e3o em sa\u00fade.<\/p>\n<p><em>Kamilla Ratier, Comunica\u00e7\u00e3o SES<br \/>Fotos: Kamilla Ratier<\/em><\/p>\n<\/div>\n","protected":false},"excerpt":{"rendered":"<p>A SES (Secretaria de Estado de Sa\u00fade), por meio da Assessoria de Apoio \u00e0 Comunica\u00e7\u00e3o, iniciou nesta segunda-feira (4) mais uma etapa do projeto Comunica SES com o curso de Lideran\u00e7a. A capacita\u00e7\u00e3o \u00e9 voltada aos gestores da \u00e1rea da\u00a0 sa\u00fade e tem como objetivo aprimorar as habilidades em comunica\u00e7\u00e3o dos colaboradores da SES. O [&hellip;]<\/p>\n","protected":false},"author":1,"featured_media":0,"comment_status":"open","ping_status":"open","sticky":false,"template":"","format":"standard","meta":{"footnotes":""},"categories":[],"tags":[],"class_list":["post-12635","post","type-post","status-publish","format-standard","hentry"],"amp_enabled":true,"_links":{"self":[{"href":"https:\/\/novasdodia.com.br\/index.php\/wp-json\/wp\/v2\/posts\/12635","targetHints":{"allow":["GET"]}}],"collection":[{"href":"https:\/\/novasdodia.com.br\/index.php\/wp-json\/wp\/v2\/posts"}],"about":[{"href":"https:\/\/novasdodia.com.br\/index.php\/wp-json\/wp\/v2\/types\/post"}],"author":[{"embeddable":true,"href":"https:\/\/novasdodia.com.br\/index.php\/wp-json\/wp\/v2\/users\/1"}],"replies":[{"embeddable":true,"href":"https:\/\/novasdodia.com.br\/index.php\/wp-json\/wp\/v2\/comments?post=12635"}],"version-history":[{"count":0,"href":"https:\/\/novasdodia.com.br\/index.php\/wp-json\/wp\/v2\/posts\/12635\/revisions"}],"wp:attachment":[{"href":"https:\/\/novasdodia.com.br\/index.php\/wp-json\/wp\/v2\/media?parent=12635"}],"wp:term":[{"taxonomy":"category","embeddable":true,"href":"https:\/\/novasdodia.com.br\/index.php\/wp-json\/wp\/v2\/categories?post=12635"},{"taxonomy":"post_tag","embeddable":true,"href":"https:\/\/novasdodia.com.br\/index.php\/wp-json\/wp\/v2\/tags?post=12635"}],"curies":[{"name":"wp","href":"https:\/\/api.w.org\/{rel}","templated":true}]}}