{"id":12724,"date":"2023-12-06T01:26:07","date_gmt":"2023-12-06T04:26:07","guid":{"rendered":"https:\/\/novasdodia.com.br\/index.php\/2023\/12\/06\/cao-rejeitado-apos-primeira-adocao-ganha-um-novo-lar\/"},"modified":"2023-12-06T01:26:07","modified_gmt":"2023-12-06T04:26:07","slug":"cao-rejeitado-apos-primeira-adocao-ganha-um-novo-lar","status":"publish","type":"post","link":"https:\/\/novasdodia.com.br\/index.php\/2023\/12\/06\/cao-rejeitado-apos-primeira-adocao-ganha-um-novo-lar\/","title":{"rendered":"C\u00e3o rejeitado ap\u00f3s primeira ado\u00e7\u00e3o ganha um novo lar"},"content":{"rendered":"<p><\/p>\n<div id=\"post_30253\">\n<header>\n<h2>C\u00e3o rejeitado ap\u00f3s primeira ado\u00e7\u00e3o ganha um novo lar<\/h2>\n<h4>\n                <em><br \/>\n                    <time class=\"text-muted\" datetime=\"05-12-2023\">05 de dezembro de 2023<\/time><br \/>\n                <\/em><br \/>\n            <\/h4>\n<\/header>\n<section>\n<p style=\"text-align: center;\"><em>Ellos foi devolvido um dia ap\u00f3s ser adotado, mas caiu nas gra\u00e7as de casal que perdeu um c\u00e3o h\u00e1 dois meses<\/em><\/p>\n<p style=\"text-align: justify;\">Neste Dezembro Verde, m\u00eas que marca a campanha de conscientiza\u00e7\u00e3o que visa o combate ao abandono e maus-tratos contra animais, Ellos, um c\u00e3o de ra\u00e7a indefinida, ganhou uma nova fam\u00edlia. Ele foi um dos pets adotados nesta ter\u00e7a-feira (5), em mais uma Feira de Ado\u00e7\u00e3o de C\u00e3es e Gatos promovida pela Prefeitura de Nova Igua\u00e7u. A edi\u00e7\u00e3o, a oitava do ano, foi realizada no Top Shopping e terminou com a ado\u00e7\u00e3o de dez bichos de estima\u00e7\u00e3o.<\/p>\n<p style=\"text-align: justify;\">Ellos tem apenas um ano e, como muitos animais desta idade, gasta energia aprontando muitas \u201cartes\u201d. Ele havia sido adotado em uma edi\u00e7\u00e3o anterior \u00e0 feira desta ter\u00e7a, mas, j\u00e1 no dia seguinte, foi devolvido por sua tutora por ser muito bagunceiro. Mas a \u201cm\u00e1 fama\u201d n\u00e3o foi motivo para que o motorista de aplicativo Joilson da Silva Pereira, 29 anos, e a confeiteira Joyce Fialho, 28, rejeitassem o c\u00e3o. Cientes do c\u00e3o arteiro que estavam decididos a levar para casa, eles garantiram que est\u00e3o preparados.<\/p>\n<p style=\"text-align: justify;\">\u201cPerdemos um c\u00e3o h\u00e1 dois meses. Ele era bagunceiro, fazia muita arte. A casa estava muito vazia, nossa filha tamb\u00e9m era muito apegada a ele. Ent\u00e3o estamos acostumados com esta agita\u00e7\u00e3o e a adapta\u00e7\u00e3o vai ser boa. O c\u00e3o \u00e9 como uma crian\u00e7a que precisa de aten\u00e7\u00e3o e carinho\u201d, contou o casal.<\/p>\n<\/p>\n<p style=\"text-align: justify;\">A administradora Andriele Cristina da Silva, 37 anos, e sua companheira, a dona de casa Ailla Matos, 40, tamb\u00e9m foram \u00e0 feira em busca de um novo membro para a fam\u00edlia. M\u00e3es de Albert, uma crian\u00e7a de 3 anos, elas adotaram duas gatas em apenas quatro dias, sendo uma delas nesta ter\u00e7a-feira.<\/p>\n<p style=\"text-align: justify;\">\u201cAdotamos uma gata que j\u00e1 estava doente e precisou ser internada. Nosso filho, que tem autismo, entrou em crise, ent\u00e3o decidimos adotar mais uma gata para ajud\u00e1-lo. Estamos na torcida para que a Joaninha receba alta e volte para casa. Assim, vamos ficar com duas gatas\u201d, disse Andriele.<\/p>\n<p style=\"text-align: justify;\">A Feira de Ado\u00e7\u00e3o de C\u00e3es e Gatos \u00e9 promovida pela Prefeitura de Nova Igua\u00e7u, por meio da Assessoria Especial de Prote\u00e7\u00e3o Animal. Com mais esta edi\u00e7\u00e3o, o munic\u00edpio chega a 72 ado\u00e7\u00f5es de pets.<\/p>\n<p style=\"text-align: justify;\">Para que as feiras sejam realizadas, a Prefeitura conta com protetores parceiros, que resgatam e cuidam dos animais at\u00e9 que eles estejam prontos para serem adotados. Eles s\u00e3o entregues j\u00e1 castrados e vermifugados, com exce\u00e7\u00e3o dos filhotes ainda com pouca idade para passar pelo procedimento. Estes s\u00e3o inseridos no servi\u00e7o de castra\u00e7\u00e3o gratuita da prefeitura, no ato da ado\u00e7\u00e3o, e castrados na idade apropriada. No ato da ado\u00e7\u00e3o, os novos tutores s\u00e3o cadastrados e monitorados nos meses seguintes. O objetivo \u00e9 se certificar que o animal est\u00e1 sendo bem cuidado e levando uma vida saud\u00e1vel.<\/p>\n<\/section><\/div>\n","protected":false},"excerpt":{"rendered":"<p>C\u00e3o rejeitado ap\u00f3s primeira ado\u00e7\u00e3o ganha um novo lar 05 de dezembro de 2023 Ellos foi devolvido um dia ap\u00f3s ser adotado, mas caiu nas gra\u00e7as de casal que perdeu um c\u00e3o h\u00e1 dois meses Neste Dezembro Verde, m\u00eas que marca a campanha de conscientiza\u00e7\u00e3o que visa o combate ao abandono e maus-tratos contra animais, [&hellip;]<\/p>\n","protected":false},"author":1,"featured_media":0,"comment_status":"open","ping_status":"open","sticky":false,"template":"","format":"standard","meta":{"footnotes":""},"categories":[1],"tags":[],"class_list":["post-12724","post","type-post","status-publish","format-standard","hentry","category-noticias"],"amp_enabled":true,"_links":{"self":[{"href":"https:\/\/novasdodia.com.br\/index.php\/wp-json\/wp\/v2\/posts\/12724","targetHints":{"allow":["GET"]}}],"collection":[{"href":"https:\/\/novasdodia.com.br\/index.php\/wp-json\/wp\/v2\/posts"}],"about":[{"href":"https:\/\/novasdodia.com.br\/index.php\/wp-json\/wp\/v2\/types\/post"}],"author":[{"embeddable":true,"href":"https:\/\/novasdodia.com.br\/index.php\/wp-json\/wp\/v2\/users\/1"}],"replies":[{"embeddable":true,"href":"https:\/\/novasdodia.com.br\/index.php\/wp-json\/wp\/v2\/comments?post=12724"}],"version-history":[{"count":0,"href":"https:\/\/novasdodia.com.br\/index.php\/wp-json\/wp\/v2\/posts\/12724\/revisions"}],"wp:attachment":[{"href":"https:\/\/novasdodia.com.br\/index.php\/wp-json\/wp\/v2\/media?parent=12724"}],"wp:term":[{"taxonomy":"category","embeddable":true,"href":"https:\/\/novasdodia.com.br\/index.php\/wp-json\/wp\/v2\/categories?post=12724"},{"taxonomy":"post_tag","embeddable":true,"href":"https:\/\/novasdodia.com.br\/index.php\/wp-json\/wp\/v2\/tags?post=12724"}],"curies":[{"name":"wp","href":"https:\/\/api.w.org\/{rel}","templated":true}]}}