{"id":12793,"date":"2023-12-07T01:58:06","date_gmt":"2023-12-07T04:58:06","guid":{"rendered":"https:\/\/novasdodia.com.br\/index.php\/2023\/12\/07\/com-iluminacao-enfeites-e-nova-cobertura-centro-tem-recorde-de-publico-de-mais-de-60-mil-pessoas-no-comercio-na-abertura-do-natal-iluminado-2023\/"},"modified":"2023-12-07T01:58:06","modified_gmt":"2023-12-07T04:58:06","slug":"com-iluminacao-enfeites-e-nova-cobertura-centro-tem-recorde-de-publico-de-mais-de-60-mil-pessoas-no-comercio-na-abertura-do-natal-iluminado-2023","status":"publish","type":"post","link":"https:\/\/novasdodia.com.br\/index.php\/2023\/12\/07\/com-iluminacao-enfeites-e-nova-cobertura-centro-tem-recorde-de-publico-de-mais-de-60-mil-pessoas-no-comercio-na-abertura-do-natal-iluminado-2023\/","title":{"rendered":"Com ilumina\u00e7\u00e3o, enfeites e nova cobertura, Centro tem recorde de p\u00fablico de mais de 60 mil pessoas no com\u00e9rcio na abertura do Natal Iluminado 2023"},"content":{"rendered":"<p><\/p>\n<div>\n<p align=\"justify\">\n<p align=\"justify\"><em>Fotos: Eduardo Santinon e Nath\u00e1lia Rodrigues (Secom\/Sorocaba)<\/em><\/p>\n<p align=\"justify\"><strong>Por: Bruno Rodrigues<\/strong><\/p>\n<p align=\"justify\"><span style=\"font-family: Arial, sans-serif;\"><span style=\"font-size: medium;\">A magia do Natal come\u00e7ou mais cedo em Sorocaba. Isso porque, na noite desta quarta-feira (6), o Centro da cidade recebeu decora\u00e7\u00e3o tem\u00e1tica e uma ilumina\u00e7\u00e3o toda especial para a ocasi\u00e3o. A popula\u00e7\u00e3o reunida na Pra\u00e7a Coronel Fernando Prestes, que prestigiou a abertura oficial do \u201cNatal Iluminado 2023\u201d, tamb\u00e9m movimentou o com\u00e9rcio, com mais de 60 mil pessoas nas ruas.<\/span><\/span><\/p>\n<p align=\"justify\"><span style=\"font-family: Arial, sans-serif;\"><span style=\"font-size: medium;\">Realizada pelo Fundo Social de Solidariedade (FSS), Secretaria de Governo (Segov), Secretaria de Comunica\u00e7\u00e3o (Secom) e Secretaria de Cultura (Secult), a programa\u00e7\u00e3o gratuita do \u201cNatal Iluminado 2023\u201d tem como objetivo reunir as fam\u00edlias sorocabanas dos quatro cantos da cidade, al\u00e9m de visitantes, para celebrar, de forma muito especial, o esp\u00edrito natalino, oferecendo uma s\u00e9rie de atra\u00e7\u00f5es gratuitas a crian\u00e7as, jovens e adultos.<\/span><\/span><\/p>\n<p align=\"justify\"><span style=\"font-family: Arial, sans-serif;\"><span style=\"font-size: medium;\">Al\u00e9m da ilumina\u00e7\u00e3o especial de Natal, o Centro tamb\u00e9m conta com uma linda Casa do Papai Noel, \u00c1rvore de Natal, Pres\u00e9pio e carrossel, contando com o apoio da Associa\u00e7\u00e3o Comercial de Sorocaba (ACSO). As atra\u00e7\u00f5es natalinas do Centro funcionar\u00e3o de segunda a sexta-feira, das 17h \u00e0s 22h. A espera para os brinquedos encerra \u00e0s 21h30. J\u00e1, aos s\u00e1bados, o hor\u00e1rio \u00e9 das 9h \u00e0s 14h, com encerramento da espera \u00e0s 13h30.<\/span><\/span><\/p>\n<p align=\"justify\"><span style=\"font-family: Arial, sans-serif;\"><span style=\"font-size: medium;\">Nesta primeira noite, as crian\u00e7as e suas fam\u00edlias puderam se divertir, com apresenta\u00e7\u00e3o musical infantil de personagens de famosas anima\u00e7\u00f5es. Mais tarde, a atra\u00e7\u00e3o foi a cantora Teresa Baddini e banda. O tradicional Trenzinho da Alegria, oferecido pela Associa\u00e7\u00e3o Comercial de Sorocaba, tamb\u00e9m esteve presente.<\/span><\/span><\/p>\n<p align=\"justify\"><span style=\"font-family: Arial, sans-serif;\"><span style=\"font-size: medium;\">A abertura tamb\u00e9m contou com a presen\u00e7a do prefeito Rodrigo Manga, da primeira-dama e presidente do Fundo Social de Solidariedade, Sirlange Frate Maganhato, e de todos os secret\u00e1rios municipais. Tamb\u00e9m participaram o evento o presidente da Associa\u00e7\u00e3o Comercial de Sorocaba, Igor Duarte, o vice-presidente, Nilton C\u00e9sar J\u00fanior, o diretor de Rela\u00e7\u00f5es P\u00fablicas da mesma institui\u00e7\u00e3o, Jo\u00e3o Francisco Guariglia, mais o vereador Caio Oliveira.<\/span><\/span><\/p>\n<p align=\"justify\"><span style=\"font-family: Arial, sans-serif;\"><span style=\"font-size: medium;\">\u201cO Centro est\u00e1 lindo com toda essa decora\u00e7\u00e3o e revitaliza\u00e7\u00e3o. Quem passa por aqui sente um orgulho enorme de ver como a cidade est\u00e1 ambientada, com todo clima natalino, ilumina\u00e7\u00e3o e toda seguran\u00e7a necess\u00e1ria para um passeio em fam\u00edlia absolutamente tranquilo. Al\u00e9m disso, ver o com\u00e9rcio t\u00e3o movimentado, com recorde de p\u00fablico, tamb\u00e9m nos traz muita alegria, pois isso representa mais emprego e renda na cidade\u201d, disse o prefeito Rodrigo Manga.<\/span><\/span><\/p>\n<p align=\"justify\"><span style=\"font-family: Arial, sans-serif;\"><span style=\"font-size: medium;\"><span style=\"color: #212529;\"><span style=\"font-family: Roboto, sans-serif;\">O <\/span><\/span><span style=\"color: #212529;\"><span style=\"font-family: Roboto, sans-serif;\">secret\u00e1rio de Cultura <\/span><\/span><span style=\"color: #212529;\"><span style=\"font-family: Roboto, sans-serif;\">(Secult)<\/span><\/span><span style=\"color: #212529;\"><span style=\"font-family: Roboto, sans-serif;\">, Luiz Antonio <\/span><\/span><span style=\"color: #212529;\"><span style=\"font-family: Roboto, sans-serif;\">Zamuner<\/span><\/span><\/span><\/span>, comemorou a presen\u00e7a recorde do p\u00fablico. \u201cSem d\u00favida, \u00e9 um momento muito bonito de uni\u00e3o familiar e alegria para as crian\u00e7as. Sorocaba merece uma festa linda como essa\u201d, destacou.<\/p>\n<p align=\"justify\">\u201c<span style=\"font-family: Arial, sans-serif;\"><span style=\"font-size: medium;\">Todos os detalhes foram pensados com muito carinho. Ver o brilho no olhar de cada pessoa que passa pelo Centro n\u00e3o tem pre\u00e7o\u201d, salientou a secret\u00e1ria de Governo (Segov), Samyra Toledo.<\/span><\/span><\/p>\n<p>\u00a0<\/p>\n<p><strong>Confira a programa\u00e7\u00e3o do \u201cNatal Iluminado 2023\u201d na Pra\u00e7a Coronel Fernando Prestes:<\/strong><\/p>\n<p align=\"justify\"><span style=\"font-family: Arial, sans-serif;\"><span style=\"font-size: medium;\"><br \/><strong>Dia 7 de dezembro (quinta-feira)<\/strong><\/span><\/span><\/p>\n<p align=\"justify\"><span style=\"font-family: Arial, sans-serif;\"><span style=\"font-size: medium;\">19h \u2013 Cantora B\u00e1rbara Pistila (M\u00fasica)<\/span><\/span><\/p>\n<p align=\"justify\"><span style=\"font-family: Arial, sans-serif;\"><span style=\"font-size: medium;\">20h30 \u2013 M-BPA (Coral)<\/span><\/span><\/p>\n<p align=\"justify\"><strong><span style=\"font-family: Arial, sans-serif;\"><span style=\"font-size: medium;\">Dia 8 de dezembro (sexta-feira)<\/span><\/span><\/strong><\/p>\n<p align=\"justify\"><span style=\"font-family: Arial, sans-serif;\"><span style=\"font-size: medium;\">19h \u2013 Studio Move Up (Dan\u00e7a \u2013 Jazz, Ballet e Street)<\/span><\/span><\/p>\n<p align=\"justify\"><strong><span style=\"font-family: Arial, sans-serif;\"><span style=\"font-size: medium;\"><br \/><\/span><\/span><span style=\"font-family: Arial, sans-serif;\"><span style=\"font-size: medium;\">Dia 9 de dezembro (s\u00e1bado)<\/span><\/span><\/strong><\/p>\n<p align=\"justify\"><span style=\"font-family: Arial, sans-serif;\"><span style=\"font-size: medium;\">10h \u2013 E.M. \u201cLeonor Pinto Thomaz\u201d (Fanfarra)<\/span><\/span><\/p>\n<p align=\"justify\"><span style=\"font-family: Arial, sans-serif;\"><span style=\"font-size: medium;\">11h \u2013 Fernanda Joazeiro e Banda (M\u00fasica)<\/span><\/span><\/p>\n<p align=\"justify\"><span style=\"font-family: Arial, sans-serif;\"><span style=\"font-size: medium;\"><br \/><strong>Dia 13 de dezembro (quarta-feira)<\/strong><\/span><\/span><\/p>\n<p align=\"justify\"><span style=\"font-family: Arial, sans-serif;\"><span style=\"font-size: medium;\">19h \u2013 Hebert (M\u00fasica)<\/span><\/span><\/p>\n<p align=\"justify\"><span style=\"font-family: Arial, sans-serif;\"><span style=\"font-size: medium;\">20h \u2013 Doris (Ballet)<\/span><\/span><\/p>\n<p align=\"justify\"><strong><span style=\"font-family: Arial, sans-serif;\"><span style=\"font-size: medium;\">Dia 14 de dezembro (quinta-feira)<\/span><\/span><\/strong><\/p>\n<p align=\"justify\"><span style=\"font-family: Arial, sans-serif;\"><span style=\"font-size: medium;\">19h \u2013 Banda Sarabatana (M\u00fasica)<\/span><\/span><\/p>\n<p align=\"justify\"><span style=\"font-family: Arial, sans-serif;\"><span style=\"font-size: medium;\">20h \u2013 Tom Soares (M\u00fasica \u2013 Viol\u00e3o)<\/span><\/span><\/p>\n<p align=\"justify\"><span style=\"font-family: Arial, sans-serif;\"><span style=\"font-size: medium;\">21h \u2013 Coral Presbiteriano (Coral)<\/span><\/span><\/p>\n<p align=\"justify\"><strong><span style=\"font-family: Arial, sans-serif;\"><span style=\"font-size: medium;\">Dia 15 de dezembro (sexta-feira)<\/span><\/span><\/strong><\/p>\n<p align=\"justify\"><span style=\"font-family: Arial, sans-serif;\"><span style=\"font-size: medium;\">20h \u2013 Est\u00fadio de Dan\u00e7a Willision (Dan\u00e7a)<\/span><\/span><\/p>\n<p align=\"justify\"><span style=\"font-family: Arial, sans-serif;\"><span style=\"font-size: medium;\">Dia 16 de dezembro (s\u00e1bado)<\/span><\/span><\/p>\n<p align=\"justify\"><span style=\"font-family: Arial, sans-serif;\"><span style=\"font-size: medium;\">10h \u2013 Bibi na Batera (M\u00fasica)<\/span><\/span><\/p>\n<p align=\"justify\"><strong><span style=\"font-family: Arial, sans-serif;\"><span style=\"font-size: medium;\">Dia 20 de dezembro (quarta-feira)<\/span><\/span><\/strong><\/p>\n<p align=\"justify\"><span style=\"font-family: Arial, sans-serif;\"><span style=\"font-size: medium;\">19h \u2013 Espa\u00e7o Gaia (Dan\u00e7a)<\/span><\/span><\/p>\n<p align=\"justify\"><span style=\"font-family: Arial, sans-serif;\"><span style=\"font-size: medium;\">20h \u2013 Tatiane (M\u00fasica \u2013 Piano)<\/span><\/span><\/p>\n<p align=\"justify\"><span style=\"font-family: Arial, sans-serif;\"><span style=\"font-size: medium;\"><br \/><strong>Dia 21 de dezembro (quinta-feira)<\/strong><\/span><\/span><\/p>\n<p align=\"justify\"><span style=\"font-family: Arial, sans-serif;\"><span style=\"font-size: medium;\">19h \u2013 CRAS S\u00e3o Bento (Teatro, Dan\u00e7a, Rap e Coral)<\/span><\/span><\/p>\n<p align=\"justify\"><span style=\"font-family: Arial, sans-serif;\"><span style=\"font-size: medium;\"><br \/><strong>Dia 22 de dezembro (sexta-feira)<\/strong><\/span><\/span><\/p>\n<p align=\"justify\"><span style=\"font-family: Arial, sans-serif;\"><span style=\"font-size: medium;\">19h \u2013 Orquestra Sinf\u00f4nica de Sorocaba \u2013 Fundec (M\u00fasica)<\/span><\/span><\/p>\n<\/p><\/div>\n","protected":false},"excerpt":{"rendered":"<p>Fotos: Eduardo Santinon e Nath\u00e1lia Rodrigues (Secom\/Sorocaba) Por: Bruno Rodrigues A magia do Natal come\u00e7ou mais cedo em Sorocaba. Isso porque, na noite desta quarta-feira (6), o Centro da cidade recebeu decora\u00e7\u00e3o tem\u00e1tica e uma ilumina\u00e7\u00e3o toda especial para a ocasi\u00e3o. A popula\u00e7\u00e3o reunida na Pra\u00e7a Coronel Fernando Prestes, que prestigiou a abertura oficial do [&hellip;]<\/p>\n","protected":false},"author":1,"featured_media":0,"comment_status":"open","ping_status":"open","sticky":false,"template":"","format":"standard","meta":{"footnotes":""},"categories":[1],"tags":[],"class_list":["post-12793","post","type-post","status-publish","format-standard","hentry","category-noticias"],"amp_enabled":true,"_links":{"self":[{"href":"https:\/\/novasdodia.com.br\/index.php\/wp-json\/wp\/v2\/posts\/12793","targetHints":{"allow":["GET"]}}],"collection":[{"href":"https:\/\/novasdodia.com.br\/index.php\/wp-json\/wp\/v2\/posts"}],"about":[{"href":"https:\/\/novasdodia.com.br\/index.php\/wp-json\/wp\/v2\/types\/post"}],"author":[{"embeddable":true,"href":"https:\/\/novasdodia.com.br\/index.php\/wp-json\/wp\/v2\/users\/1"}],"replies":[{"embeddable":true,"href":"https:\/\/novasdodia.com.br\/index.php\/wp-json\/wp\/v2\/comments?post=12793"}],"version-history":[{"count":0,"href":"https:\/\/novasdodia.com.br\/index.php\/wp-json\/wp\/v2\/posts\/12793\/revisions"}],"wp:attachment":[{"href":"https:\/\/novasdodia.com.br\/index.php\/wp-json\/wp\/v2\/media?parent=12793"}],"wp:term":[{"taxonomy":"category","embeddable":true,"href":"https:\/\/novasdodia.com.br\/index.php\/wp-json\/wp\/v2\/categories?post=12793"},{"taxonomy":"post_tag","embeddable":true,"href":"https:\/\/novasdodia.com.br\/index.php\/wp-json\/wp\/v2\/tags?post=12793"}],"curies":[{"name":"wp","href":"https:\/\/api.w.org\/{rel}","templated":true}]}}