{"id":12882,"date":"2023-12-08T08:55:12","date_gmt":"2023-12-08T11:55:12","guid":{"rendered":"https:\/\/novasdodia.com.br\/index.php\/2023\/12\/08\/para-capacitar-servidores-casa-da-saude-nao-tera-expediente-na-proxima-quinta-feira-portal-do-governo-de-mato-grosso-do-sul\/"},"modified":"2023-12-08T08:55:12","modified_gmt":"2023-12-08T11:55:12","slug":"para-capacitar-servidores-casa-da-saude-nao-tera-expediente-na-proxima-quinta-feira-portal-do-governo-de-mato-grosso-do-sul","status":"publish","type":"post","link":"https:\/\/novasdodia.com.br\/index.php\/2023\/12\/08\/para-capacitar-servidores-casa-da-saude-nao-tera-expediente-na-proxima-quinta-feira-portal-do-governo-de-mato-grosso-do-sul\/","title":{"rendered":"Para capacitar servidores, Casa da Sa\u00fade n\u00e3o ter\u00e1 expediente na pr\u00f3xima quinta-feira \u2013 Portal do Governo de Mato Grosso do Sul"},"content":{"rendered":"<p><\/p>\n<div id=\"post-459047\">\n<div class=\"text-center\"><\/div>\n<div class=\"entry\">\n<p>A SES (Secretaria de Estado de Sa\u00fade) informa que a Casa da Sa\u00fade n\u00e3o ter\u00e1 atendimento ao p\u00fablico na pr\u00f3xima quinta-feira (14) devido \u00e0 capacita\u00e7\u00e3o dos servidores sobre a atualiza\u00e7\u00e3o do sistema do CEAF (Componente Especializado da Assist\u00eancia Farmac\u00eautica).<u\/><u\/><\/p>\n<p>Conforme a\u00a0coordenadora do Componente Especializado da Assist\u00eancia Farmac\u00eautica da SES, Patr\u00edcia Veiga Carrilho Olszewski, a capacita\u00e7\u00e3o \u00e9 importante para a melhoria na qualidade do atendimento aos pacientes que recebem os medicamentos.<u\/><u\/><\/p>\n<p>\u201cA busca pela qualidade e o constante aprimoramento s\u00e3o primordiais para os processos de trabalho. Assim, para obter total benef\u00edcio do sistema informatizado de operacionaliza\u00e7\u00e3o do CEAF e de preparar os servidores para oferecer satisfa\u00e7\u00e3o aos usu\u00e1rios ser\u00e1 realizada capacita\u00e7\u00e3o sobre as atualiza\u00e7\u00f5es no sistema utilizado para cadastramento e dispensa\u00e7\u00e3o dos medicamentos da Assist\u00eancia Farmac\u00eautica &#8211; Casa da Sa\u00fade\u201d, explica Patr\u00edcia.<u\/><u\/><\/p>\n<p>A Casa da Sa\u00fade fornece medicamentos disponibilizados pelo SUS (Sistema \u00danico de Sa\u00fade). Para renova\u00e7\u00e3o das solicita\u00e7\u00f5es e dispensa\u00e7\u00e3o de medicamentos o hor\u00e1rio de atendimento ser\u00e1 das 7 horas \u00e0s 16 horas, com distribui\u00e7\u00e3o de senhas das 7 horas \u00e0s 15h30.<u\/><u\/><\/p>\n<p>Para atendimento de protocolo \u2013 primeiro cadastro \u2013 as senhas s\u00e3o distribu\u00eddas das 7 horas \u00e0s 10 horas, no per\u00edodo da manh\u00e3, e das 13 horas \u00e0s 15 horas, no per\u00edodo da tarde.<u\/><u\/><\/p>\n<p>Assim, a SES orienta a popula\u00e7\u00e3o a fazer a retirada de medicamento at\u00e9 a pr\u00f3xima quarta-feira (13). A Casa da Sa\u00fade retorna com o atendimento normal na sexta-feira (15).<u\/><u\/><\/p>\n<p><b>Servi\u00e7o<\/b><u\/><u\/><\/p>\n<p>De maneira provis\u00f3ria, a Casa da Sa\u00fade est\u00e1 atendendo no Centro de Conven\u00e7\u00f5es Albano Franco, localizado a avenida Mato Grosso, 5.017 \u2013 Carand\u00e1 Bosque, em Campo Grande.<u\/><u\/><\/p>\n<p><i>Kamilla Ratier, Comunica\u00e7\u00e3o SES<br \/>Foto: Rodson Lima<\/i><\/p>\n<\/div><\/div>\n","protected":false},"excerpt":{"rendered":"<p>A SES (Secretaria de Estado de Sa\u00fade) informa que a Casa da Sa\u00fade n\u00e3o ter\u00e1 atendimento ao p\u00fablico na pr\u00f3xima quinta-feira (14) devido \u00e0 capacita\u00e7\u00e3o dos servidores sobre a atualiza\u00e7\u00e3o do sistema do CEAF (Componente Especializado da Assist\u00eancia Farmac\u00eautica). Conforme a\u00a0coordenadora do Componente Especializado da Assist\u00eancia Farmac\u00eautica da SES, Patr\u00edcia Veiga Carrilho Olszewski, a capacita\u00e7\u00e3o [&hellip;]<\/p>\n","protected":false},"author":1,"featured_media":0,"comment_status":"open","ping_status":"open","sticky":false,"template":"","format":"standard","meta":{"footnotes":""},"categories":[],"tags":[],"class_list":["post-12882","post","type-post","status-publish","format-standard","hentry"],"amp_enabled":true,"_links":{"self":[{"href":"https:\/\/novasdodia.com.br\/index.php\/wp-json\/wp\/v2\/posts\/12882","targetHints":{"allow":["GET"]}}],"collection":[{"href":"https:\/\/novasdodia.com.br\/index.php\/wp-json\/wp\/v2\/posts"}],"about":[{"href":"https:\/\/novasdodia.com.br\/index.php\/wp-json\/wp\/v2\/types\/post"}],"author":[{"embeddable":true,"href":"https:\/\/novasdodia.com.br\/index.php\/wp-json\/wp\/v2\/users\/1"}],"replies":[{"embeddable":true,"href":"https:\/\/novasdodia.com.br\/index.php\/wp-json\/wp\/v2\/comments?post=12882"}],"version-history":[{"count":0,"href":"https:\/\/novasdodia.com.br\/index.php\/wp-json\/wp\/v2\/posts\/12882\/revisions"}],"wp:attachment":[{"href":"https:\/\/novasdodia.com.br\/index.php\/wp-json\/wp\/v2\/media?parent=12882"}],"wp:term":[{"taxonomy":"category","embeddable":true,"href":"https:\/\/novasdodia.com.br\/index.php\/wp-json\/wp\/v2\/categories?post=12882"},{"taxonomy":"post_tag","embeddable":true,"href":"https:\/\/novasdodia.com.br\/index.php\/wp-json\/wp\/v2\/tags?post=12882"}],"curies":[{"name":"wp","href":"https:\/\/api.w.org\/{rel}","templated":true}]}}