{"id":12989,"date":"2023-12-10T02:55:02","date_gmt":"2023-12-10T05:55:02","guid":{"rendered":"https:\/\/novasdodia.com.br\/index.php\/2023\/12\/10\/guardas-prendem-homem-apos-tentativa-de-furto-em-loja-de-especiarias-no-centro-prefeitura-da-cidade-do-rio-de-janeiro\/"},"modified":"2023-12-10T02:55:02","modified_gmt":"2023-12-10T05:55:02","slug":"guardas-prendem-homem-apos-tentativa-de-furto-em-loja-de-especiarias-no-centro-prefeitura-da-cidade-do-rio-de-janeiro","status":"publish","type":"post","link":"https:\/\/novasdodia.com.br\/index.php\/2023\/12\/10\/guardas-prendem-homem-apos-tentativa-de-furto-em-loja-de-especiarias-no-centro-prefeitura-da-cidade-do-rio-de-janeiro\/","title":{"rendered":"Guardas prendem homem ap\u00f3s tentativa de furto em loja de especiarias no Centro &#8211; Prefeitura da Cidade do Rio de Janeiro"},"content":{"rendered":"<p><\/p>\n<div id=\"main\">\n<div class=\"wrapper-breadcrumbs\" wp_automatic_readability=\"16.385767790262\">\n<p>Guardas municipais da 5\u00aa Inspetoria prenderam em flagrante um homem de 58 anos, na quinta-feira (7\/12), acusado de tentar furtar produtos de Natal de uma loja de especiarias localizada na Rua Buenos Aires, no Centro do Rio. Os agentes estavam patrulhando a regi\u00e3o quando avistaram o acusado na entrada do estabelecimento detido por um funcion\u00e1rio.<\/p>\n<p>De acordo com a v\u00edtima, o homem j\u00e1 tinha entrado na loja outras vezes para furtar produtos. Dessa vez, encontraram na mochila dele duas pe\u00e7as de bacalhau e uma barra de chocolate de 1Kg, que ele confessou ter pego sem pagar.<\/p>\n<p>Ap\u00f3s a pris\u00e3o, os guardas levaram v\u00edtima e acusado para a 4\u00aa DP (Centro), onde o caso foi registrado.<\/p>\n<p>             <!-- Compartilhe ---><\/p>\n<p>\t\t\t <!-- TAGS --><\/p>\n<section class=\"category-tags\">\n<article class=\"tags\">\n\t\t\t\t\tMarca\u00e7\u00f5es: centro furto Guarda Municipal loja pris\u00e3o<br \/><\/article>\n<\/section>\n<p>            <!-- Mais Not&iacute;cias --><\/p>\n<p>\t\t<!-- Conte&uacute;do SIDEBAR --><\/p><\/div>\n<\/p><\/div>\n","protected":false},"excerpt":{"rendered":"<p>Guardas municipais da 5\u00aa Inspetoria prenderam em flagrante um homem de 58 anos, na quinta-feira (7\/12), acusado de tentar furtar produtos de Natal de uma loja de especiarias localizada na Rua Buenos Aires, no Centro do Rio. Os agentes estavam patrulhando a regi\u00e3o quando avistaram o acusado na entrada do estabelecimento detido por um funcion\u00e1rio. [&hellip;]<\/p>\n","protected":false},"author":1,"featured_media":0,"comment_status":"open","ping_status":"open","sticky":false,"template":"","format":"standard","meta":{"footnotes":""},"categories":[1],"tags":[],"class_list":["post-12989","post","type-post","status-publish","format-standard","hentry","category-noticias"],"amp_enabled":true,"_links":{"self":[{"href":"https:\/\/novasdodia.com.br\/index.php\/wp-json\/wp\/v2\/posts\/12989","targetHints":{"allow":["GET"]}}],"collection":[{"href":"https:\/\/novasdodia.com.br\/index.php\/wp-json\/wp\/v2\/posts"}],"about":[{"href":"https:\/\/novasdodia.com.br\/index.php\/wp-json\/wp\/v2\/types\/post"}],"author":[{"embeddable":true,"href":"https:\/\/novasdodia.com.br\/index.php\/wp-json\/wp\/v2\/users\/1"}],"replies":[{"embeddable":true,"href":"https:\/\/novasdodia.com.br\/index.php\/wp-json\/wp\/v2\/comments?post=12989"}],"version-history":[{"count":0,"href":"https:\/\/novasdodia.com.br\/index.php\/wp-json\/wp\/v2\/posts\/12989\/revisions"}],"wp:attachment":[{"href":"https:\/\/novasdodia.com.br\/index.php\/wp-json\/wp\/v2\/media?parent=12989"}],"wp:term":[{"taxonomy":"category","embeddable":true,"href":"https:\/\/novasdodia.com.br\/index.php\/wp-json\/wp\/v2\/categories?post=12989"},{"taxonomy":"post_tag","embeddable":true,"href":"https:\/\/novasdodia.com.br\/index.php\/wp-json\/wp\/v2\/tags?post=12989"}],"curies":[{"name":"wp","href":"https:\/\/api.w.org\/{rel}","templated":true}]}}