{"id":12997,"date":"2023-12-10T05:46:07","date_gmt":"2023-12-10T08:46:07","guid":{"rendered":"https:\/\/novasdodia.com.br\/index.php\/2023\/12\/10\/domingo-chuvoso-encerra-semana-de-tempo-instavel-em-mato-grosso-do-sul-portal-do-governo-de-mato-grosso-do-sul\/"},"modified":"2023-12-10T05:46:07","modified_gmt":"2023-12-10T08:46:07","slug":"domingo-chuvoso-encerra-semana-de-tempo-instavel-em-mato-grosso-do-sul-portal-do-governo-de-mato-grosso-do-sul","status":"publish","type":"post","link":"https:\/\/novasdodia.com.br\/index.php\/2023\/12\/10\/domingo-chuvoso-encerra-semana-de-tempo-instavel-em-mato-grosso-do-sul-portal-do-governo-de-mato-grosso-do-sul\/","title":{"rendered":"Domingo chuvoso encerra semana de tempo inst\u00e1vel em Mato Grosso do Sul \u2013 Portal do Governo de Mato Grosso do Sul"},"content":{"rendered":"<p><\/p>\n<div id=\"post-459137\">\n<div class=\"text-center\"><\/div>\n<div class=\"entry\">\n<p>Neste domingo (10), a semana encerra-se com tempo inst\u00e1vel, com chuvas de intensidade fraca a moderada. Localmente, podem ocorrer chuvas mais intensas acompanhadas de tempestades com raios e rajadas de vento.<\/p>\n<p>De acordo com o Cemtec (Centro de Monitoramento do Tempo e do Clima), essas instabilidades ocorrem devido a combina\u00e7\u00e3o de calor e alta umidade relativa do ar. Al\u00e9m disso, o avan\u00e7o de cavados em m\u00e9dios n\u00edveis da atmosfera aliado a uma \u00e1rea de baixa press\u00e3o atmosf\u00e9rica sobre o Paraguai favorecem a forma\u00e7\u00e3o de nuvens e chuvas.<\/p>\n<p>Em Campo Grande, os term\u00f4metros marcam 23\u00b0C inicialmente e chegam aos 31\u00b0C nos hor\u00e1rios mais quentes do dia. Dourados tem m\u00ednima de 22\u00b0C e m\u00e1xima de 30\u00b0C. Nas regi\u00f5es Cone-Sul e Sul-Fronteira, Iguatemi e Ponta Por\u00e3 apresentam varia\u00e7\u00e3o entre 21\u00b0C e 27\u00b0C.<\/p>\n<p>Porto Murtinho, na regi\u00e3o Sudoeste, tem m\u00ednima de 25\u00b0C e m\u00e1xima de 29\u00b0C. No Pantanal, Corumb\u00e1 marca 26\u00b0C pela manh\u00e3 e 32\u00b0C no per\u00edodo da tarde, j\u00e1 em Aquidauana, os valores variam entre 25\u00b0C e 33\u00b0C.<\/p>\n<p>Na regi\u00e3o Norte, as temperaturas em Coxim e Camapu\u00e3 s\u00e3o semelhantes, com m\u00ednimas de 24\u00b0C e m\u00e1ximas de 33\u00b0C. Desta vez, Parana\u00edba \u00e9 o munic\u00edpio respons\u00e1vel pela temperatura mais alta do dia: amanhece com 24\u00b0C e atinge at\u00e9 34\u00b0C.<\/p>\n<p><em>Heloisa Duim, Programa de Est\u00e1gio Supervisionado<\/em><br \/><em>Foto: \u00c1lvaro Rezende<\/em><\/p>\n<\/div><\/div>\n","protected":false},"excerpt":{"rendered":"<p>Neste domingo (10), a semana encerra-se com tempo inst\u00e1vel, com chuvas de intensidade fraca a moderada. Localmente, podem ocorrer chuvas mais intensas acompanhadas de tempestades com raios e rajadas de vento. De acordo com o Cemtec (Centro de Monitoramento do Tempo e do Clima), essas instabilidades ocorrem devido a combina\u00e7\u00e3o de calor e alta umidade [&hellip;]<\/p>\n","protected":false},"author":1,"featured_media":0,"comment_status":"open","ping_status":"open","sticky":false,"template":"","format":"standard","meta":{"footnotes":""},"categories":[],"tags":[],"class_list":["post-12997","post","type-post","status-publish","format-standard","hentry"],"amp_enabled":true,"_links":{"self":[{"href":"https:\/\/novasdodia.com.br\/index.php\/wp-json\/wp\/v2\/posts\/12997","targetHints":{"allow":["GET"]}}],"collection":[{"href":"https:\/\/novasdodia.com.br\/index.php\/wp-json\/wp\/v2\/posts"}],"about":[{"href":"https:\/\/novasdodia.com.br\/index.php\/wp-json\/wp\/v2\/types\/post"}],"author":[{"embeddable":true,"href":"https:\/\/novasdodia.com.br\/index.php\/wp-json\/wp\/v2\/users\/1"}],"replies":[{"embeddable":true,"href":"https:\/\/novasdodia.com.br\/index.php\/wp-json\/wp\/v2\/comments?post=12997"}],"version-history":[{"count":0,"href":"https:\/\/novasdodia.com.br\/index.php\/wp-json\/wp\/v2\/posts\/12997\/revisions"}],"wp:attachment":[{"href":"https:\/\/novasdodia.com.br\/index.php\/wp-json\/wp\/v2\/media?parent=12997"}],"wp:term":[{"taxonomy":"category","embeddable":true,"href":"https:\/\/novasdodia.com.br\/index.php\/wp-json\/wp\/v2\/categories?post=12997"},{"taxonomy":"post_tag","embeddable":true,"href":"https:\/\/novasdodia.com.br\/index.php\/wp-json\/wp\/v2\/tags?post=12997"}],"curies":[{"name":"wp","href":"https:\/\/api.w.org\/{rel}","templated":true}]}}