{"id":13170,"date":"2023-12-12T19:27:08","date_gmt":"2023-12-12T22:27:08","guid":{"rendered":"https:\/\/novasdodia.com.br\/index.php\/2023\/12\/12\/cicero-lucena-anuncia-pacote-de-r-250-milhoes-em-investimentos-para-area-historica-de-joao-pessoa\/"},"modified":"2023-12-12T19:27:08","modified_gmt":"2023-12-12T22:27:08","slug":"cicero-lucena-anuncia-pacote-de-r-250-milhoes-em-investimentos-para-area-historica-de-joao-pessoa","status":"publish","type":"post","link":"https:\/\/novasdodia.com.br\/index.php\/2023\/12\/12\/cicero-lucena-anuncia-pacote-de-r-250-milhoes-em-investimentos-para-area-historica-de-joao-pessoa\/","title":{"rendered":"C\u00edcero Lucena anuncia pacote de R$ 250 milh\u00f5es em investimentos para \u00e1rea hist\u00f3rica de Jo\u00e3o Pessoa"},"content":{"rendered":"<p><\/p>\n<div>\n<p>O prefeito C\u00edcero Lucena apresentou, na tarde desta ter\u00e7a-feira (12), ao lado governador Jo\u00e3o Azev\u00eado, o maior pacote de medidas da hist\u00f3ria do Centro Hist\u00f3rico de Jo\u00e3o Pessoa, com investimento de R$ 250 milh\u00f5es em recursos da Prefeitura e do Governo Federal, por meio de projetos inseridos no Programa de Acelera\u00e7\u00e3o do Crescimento (PAC\/Programa Periferia Viva e Minha Casa Minha Vida), al\u00e9m de R$ 150 milh\u00f5es do Governado do Estado. As a\u00e7\u00f5es est\u00e3o dentro do programa \u2018Viva o Centro\u2019 e visam impactar a regi\u00e3o central da cidade nas \u00e1reas da economia, infraestrutura, habita\u00e7\u00e3o, turismo, mobilidade, educa\u00e7\u00e3o e cultura. O evento aconteceu no Centro Cultural S\u00e3o Francisco. \u00a0 <\/p>\n<figure class=\"wp-block-gallery has-nested-images columns-default is-cropped wp-block-gallery-1 is-layout-flex wp-block-gallery-is-layout-flex\">\n<figure class=\"wp-block-image size-large\"><\/figure>\n<\/figure>\n<p>\u201cO mais importante \u00e9 esse chamamento para que todos se sintam respons\u00e1veis pelo Centro Hist\u00f3rico. O que fizemos aqui \u00e9 uma a\u00e7\u00e3o conjunta da Prefeitura com o Governo do Estado, mas chamando todos a participarem\u201d, disse o prefeito C\u00edcero Lucena, que esteve acompanhado do vice-prefeito Leo Bezerra durante solenidade que tamb\u00e9m contou com o vice-governador, Lucas Ribeiro, o presidente da Assembleia Legislativa, Adriano Galdino, e diversos secret\u00e1rios municipais. \u00a0 <\/p>\n<p>O governador Jo\u00e3o Azev\u00eado lembrou que algumas das medidas j\u00e1 foram ou est\u00e3o sendo colocadas em pr\u00e1tica, tanto pela Prefeitura quanto pelo Governo do Estado, e que, em 2024, a regi\u00e3o ter\u00e1 um grande impacto. \u201cO objetivo \u00e9 esse, \u00e9 trazer de volta a ambi\u00eancia urbana que o Centro tem que ter, porque aqui nesse Centro voc\u00ea tem a infraestrutura toda instalada. Voc\u00ea n\u00e3o precisa nem investir em esgotamento sanit\u00e1rio, energia, \u00e1gua, porque tudo j\u00e1 existe. O que a gente precisa s\u00e3o a\u00e7\u00f5es que motivem para fazer as pessoas virem para c\u00e1\u201d, afirmou. \u00a0 <\/p>\n<p><strong>Viva o Centro<\/strong> \u2013 O programa prev\u00ea isen\u00e7\u00e3o fiscal de IPTU para aquele que esteja ou venha ocupar a regi\u00e3o com atividade comercial, industrial, presta\u00e7\u00e3o de servi\u00e7o ou residencial e ITBI para aquele que adquirir im\u00f3veis no per\u00edmetro determinado. Al\u00e9m de redu\u00e7\u00e3o de ISS de 5% para 2% para toda atividade de presta\u00e7\u00e3o de servi\u00e7o para empresas que estejam ou venham se estabelecer no per\u00edmetro. Confirma outras medidas, a\u00e7\u00f5es e projetos: \u00a0 <\/p>\n<p><strong>Infraestrutura <\/strong>\u2013 Requalifica\u00e7\u00e3o da malha vi\u00e1ria, urbaniza\u00e7\u00e3o do Ponto de Cem R\u00e9is, Visconde de Pelotas, Duque de Caxias, General Os\u00f3rio e travessias de liga\u00e7\u00e3o. Reforma da Pra\u00e7a Antenor Navarro e pintura de casar\u00f5es. Requalifica\u00e7\u00e3o de vias que fazem a liga\u00e7\u00e3o entre a cidade alta e a cidade baixa, com recupera\u00e7\u00e3o do cal\u00e7amento hist\u00f3rico e melhorias na ilumina\u00e7\u00e3o e acessibilidade das cal\u00e7adas. \u00a0<\/p>\n<p>Ainda na \u00e1rea de Infraestrutura, a recupera\u00e7\u00e3o da antiga Prefeitura para sediar a Guarda Civil Metropolitana. <\/p>\n<figure class=\"wp-block-gallery has-nested-images columns-default is-cropped wp-block-gallery-3 is-layout-flex wp-block-gallery-is-layout-flex\">\n<figure class=\"wp-block-image size-large\"><\/figure>\n<figure class=\"wp-block-image size-large\"><\/figure>\n<\/figure>\n<p>\u00a0<strong>Educa\u00e7\u00e3o e cultura <\/strong>\u2013 Reforma do Conventinho, que j\u00e1 est\u00e1 em execu\u00e7\u00e3o e ir\u00e1 se transformar em Escola de Artes, Biblioteca Municipal, Galeria de Artes e ainda ter\u00e1 um anfiteatro e audit\u00f3rio. Reforma do Hotel Globo (obra j\u00e1 conclu\u00edda), e a reforma do antigo Clube Cabo Branco, na Duque de Caxias, para sediar a Funjope. \u00a0 <\/p>\n<p>Na antiga f\u00e1brica de gelo, a cria\u00e7\u00e3o de um Centro de Atendimento ao Turista, com posto policial. Na Superintend\u00eancia da Alf\u00e2ndega, a instala\u00e7\u00e3o de um polo gastron\u00f4mico. Na antiga F\u00e1brica Matarazzo, cria\u00e7\u00e3o de um polo multicultural para atividades cinematogr\u00e1ficas, audiovisual e m\u00eddias digitais, al\u00e9m de espa\u00e7os de eventos e de equipamentos tur\u00edsticos, como bares, restaurantes e hospedagem. O Espa\u00e7o Cultural Poeta Juca Pontes ser\u00e1 no antigo galp\u00e3o da Nassau. \u00a0 <\/p>\n<p><strong>Turismo <\/strong>\u2013 Corredor tur\u00edstico da Duque de Caxias \u2013 projeto para apresenta\u00e7\u00f5es culturais, passando pela Pra\u00e7a Rio Branco, Igreja S\u00e3o Francisco, Ponto de Cem R\u00e9is at\u00e9 o Pavilh\u00e3o do Ch\u00e1. \u00a0<\/p>\n<p><strong>Mobilidade <\/strong>\u2013 Instala\u00e7\u00e3o de sinaliza\u00e7\u00e3o vi\u00e1ria na \u00e1rea de todo o Centro Hist\u00f3rico, manuten\u00e7\u00e3o e servi\u00e7os de reforma do Terminal do Varadouro, incluindo cabines, banheiros, entre outros compartimentos; remanejamento de linhas de \u00f4nibus para a realiza\u00e7\u00e3o de embarque no Terminal de Integra\u00e7\u00e3o, al\u00e9m da implanta\u00e7\u00e3o da zona azul no edif\u00edcio no Centro Hist\u00f3rico, com o edif\u00edcio garagem no Mercado Central. \u00a0 <\/p>\n<figure class=\"wp-block-gallery has-nested-images columns-default is-cropped wp-block-gallery-5 is-layout-flex wp-block-gallery-is-layout-flex\">\n<figure class=\"wp-block-image size-large\"><\/figure>\n<figure class=\"wp-block-image size-large\"><\/figure>\n<\/figure>\n<p><strong>Habita\u00e7\u00e3o e urbaniza\u00e7\u00e3o <\/strong>\u2013 Projeto de reurbaniza\u00e7\u00e3o com regulariza\u00e7\u00e3o fundi\u00e1ria (estudo para 380 casas); remanejamento de casas (185 novas unidades); recupera\u00e7\u00e3o ambiental, com implanta\u00e7\u00e3o de com\u00e9rcios e equipamentos comunit\u00e1rios (USF, creche, escola, Cras, Centro Cultural e Tecnol\u00f3gico, \u00e1rea gastron\u00f4mica, empra\u00e7amento, cai\u00e7aras, trapiche, Cozinha Comunit\u00e1ria, apoio policial, apoio ao turista e cooperativa comunit\u00e1ria). \u00a0 <\/p>\n<p>No antigo pr\u00e9dio das Na\u00e7\u00f5es Unidas, requalifica\u00e7\u00e3o de im\u00f3vel localizado na Visconde de Pelotas. Ser\u00e3o implantados 41 apartamentos nos pavimentos superiores e dois com\u00e9rcios no t\u00e9rreo. \u00a0 <\/p>\n<p>Na antiga Proserv, constru\u00e7\u00e3o de 108 unidades habitacionais, equipamentos comunit\u00e1rios (pra\u00e7as, centro comunit\u00e1rio e Academia para Terceira Idade) e seis unidades comerciais para a comunidade do Porto do Capim, no bairro do Varadouro. \u00a0 <\/p>\n<p>No antigo IPASE, requalifica\u00e7\u00e3o de im\u00f3vel localizado na Avenida Guedes Pereira, com implanta\u00e7\u00e3o de 55 apartamentos nos pavimentos superiores e com\u00e9rcios no t\u00e9rreo. O im\u00f3vel foi objeto de chamamento p\u00fablico pela Superintend\u00eancia do Patrim\u00f4nio da Uni\u00e3o (SPU). \u00a0 <\/p>\n<figure class=\"wp-block-gallery has-nested-images columns-default is-cropped wp-block-gallery-7 is-layout-flex wp-block-gallery-is-layout-flex\">\n<figure class=\"wp-block-image size-large\"><\/figure>\n<\/figure>\n<p><strong>Medidas do Governo do Estado<\/strong> \u2013 Al\u00e9m de incentivos fiscais, obras j\u00e1 executadas, a exemplo da recupera\u00e7\u00e3o do Pal\u00e1cio da Justi\u00e7a, Escola T\u00e9cnica Estadual, Biblioteca Augusto dos Anjos, Centro de Refer\u00eancia do Artesanato e Casa do Artista Popular. \u00a0 <\/p>\n<p>Est\u00e3o em execu\u00e7\u00e3o \u00e0 reforma do Pal\u00e1cio da Reden\u00e7\u00e3o, que ser\u00e1 transformado num Museu do Estado da Para\u00edba, Parque Tecnol\u00f3gico Horizontes da Inova\u00e7\u00e3o, al\u00e9m do Habitarte, para incluir atividades art\u00edsticas e culturais na regi\u00e3o do Centro Hist\u00f3rico e Repouso da Arte. Na \u00e1rea da Habilita\u00e7\u00e3o, o Condom\u00ednio Sanhau\u00e1. \u00a0 <\/p>\n<p>Em projeto, o Pal\u00e1cio dos Despachos, onde ir\u00e1 funcionar o gabinete do governador e diversas secretarias, bem como a Casa da Mulher Brasileira.<\/p>\n<\/p><\/div>\n","protected":false},"excerpt":{"rendered":"<p>O prefeito C\u00edcero Lucena apresentou, na tarde desta ter\u00e7a-feira (12), ao lado governador Jo\u00e3o Azev\u00eado, o maior pacote de medidas da hist\u00f3ria do Centro Hist\u00f3rico de Jo\u00e3o Pessoa, com investimento de R$ 250 milh\u00f5es em recursos da Prefeitura e do Governo Federal, por meio de projetos inseridos no Programa de Acelera\u00e7\u00e3o do Crescimento (PAC\/Programa Periferia [&hellip;]<\/p>\n","protected":false},"author":1,"featured_media":0,"comment_status":"open","ping_status":"open","sticky":false,"template":"","format":"standard","meta":{"footnotes":""},"categories":[1],"tags":[],"class_list":["post-13170","post","type-post","status-publish","format-standard","hentry","category-noticias"],"amp_enabled":true,"_links":{"self":[{"href":"https:\/\/novasdodia.com.br\/index.php\/wp-json\/wp\/v2\/posts\/13170","targetHints":{"allow":["GET"]}}],"collection":[{"href":"https:\/\/novasdodia.com.br\/index.php\/wp-json\/wp\/v2\/posts"}],"about":[{"href":"https:\/\/novasdodia.com.br\/index.php\/wp-json\/wp\/v2\/types\/post"}],"author":[{"embeddable":true,"href":"https:\/\/novasdodia.com.br\/index.php\/wp-json\/wp\/v2\/users\/1"}],"replies":[{"embeddable":true,"href":"https:\/\/novasdodia.com.br\/index.php\/wp-json\/wp\/v2\/comments?post=13170"}],"version-history":[{"count":0,"href":"https:\/\/novasdodia.com.br\/index.php\/wp-json\/wp\/v2\/posts\/13170\/revisions"}],"wp:attachment":[{"href":"https:\/\/novasdodia.com.br\/index.php\/wp-json\/wp\/v2\/media?parent=13170"}],"wp:term":[{"taxonomy":"category","embeddable":true,"href":"https:\/\/novasdodia.com.br\/index.php\/wp-json\/wp\/v2\/categories?post=13170"},{"taxonomy":"post_tag","embeddable":true,"href":"https:\/\/novasdodia.com.br\/index.php\/wp-json\/wp\/v2\/tags?post=13170"}],"curies":[{"name":"wp","href":"https:\/\/api.w.org\/{rel}","templated":true}]}}