{"id":13209,"date":"2023-12-13T10:15:20","date_gmt":"2023-12-13T13:15:20","guid":{"rendered":"https:\/\/novasdodia.com.br\/index.php\/2023\/12\/13\/secretaria-de-saude-inscreve-para-programas-de-residencia-prefeitura-da-cidade-do-rio-de-janeiro\/"},"modified":"2023-12-13T10:15:20","modified_gmt":"2023-12-13T13:15:20","slug":"secretaria-de-saude-inscreve-para-programas-de-residencia-prefeitura-da-cidade-do-rio-de-janeiro","status":"publish","type":"post","link":"https:\/\/novasdodia.com.br\/index.php\/2023\/12\/13\/secretaria-de-saude-inscreve-para-programas-de-residencia-prefeitura-da-cidade-do-rio-de-janeiro\/","title":{"rendered":"Secretaria de Sa\u00fade inscreve para programas de resid\u00eancia &#8211; Prefeitura da Cidade do Rio de Janeiro"},"content":{"rendered":"<p><\/p>\n<div wp_automatic_readability=\"236.26119630344\">\n<div class=\"image-post\" wp_automatic_readability=\"32\">\n                     O programa de resid\u00eancia tem vagas para profissionais de diversas \u00e1reas &#8211; Prefeitura do Rio                  <\/div>\n<p>A Prefeitura do Rio est\u00e1 com inscri\u00e7\u00f5es abertas em nove processos seletivos para os programas de resid\u00eancia profissional da Secretaria Municipal de Sa\u00fade. As vagas s\u00e3o para medicina (diversas especialidades, para atua\u00e7\u00e3o em cl\u00ednicas da fam\u00edlia e hospitais), enfermagem, fisioterapia de UTI, multiprofissional em sa\u00fade mental e em vigil\u00e2ncia sanit\u00e1ria, medicina veterin\u00e1ria. H\u00e1 oportunidades tamb\u00e9m para estudantes universit\u00e1rios de diversas \u00e1reas no Programa Acad\u00eamico Bolsista e no Projeto Acolher. Ao todo s\u00e3o mais de 1.500 vagas ofertadas. As inscri\u00e7\u00f5es v\u00e3o at\u00e9 o pr\u00f3ximo dia 20 para os programas de resid\u00eancia e especializa\u00e7\u00e3o e at\u00e9 domingo (17\/12) para as vagas voltadas a estudantes. As provas ser\u00e3o em janeiro. Os editais est\u00e3o dispon\u00edveis no <strong>portal de concursos da Prefeitura do Rio<\/strong>.<\/p>\n<p><strong>Resid\u00eancia M\u00e9dica em Unidades Hospitalares e em Medicina de Fam\u00edlia e Comunidade (Edital FP\/SUBGC n\u00ba 151)<\/strong><\/p>\n<p>S\u00e3o 150 vagas para Medicina da Fam\u00edlia e Comunidade, para atua\u00e7\u00e3o nas cl\u00ednicas da fam\u00edlia; e 297 para diversas especialidades com lota\u00e7\u00e3o nos hospitais da rede municipal. Aos residentes ser\u00e1 concedida uma bolsa mensal no valor de R$ 4.106,09 e o tempo de dura\u00e7\u00e3o dos programas pode ser de dois, tr\u00eas ou cinco anos, conforme a especialidade escolhida. A taxa de inscri\u00e7\u00e3o \u00e9 de R$ 250.<\/p>\n<p>O Programa de Resid\u00eancia em Medicina da Fam\u00edlia e Comunidade da cidade do Rio de Janeiro teve in\u00edcio em 2012 e j\u00e1 formou mais de 800 m\u00e9dicos especialistas. O Rio de Janeiro \u00e9 atualmente o maior formador de profissionais nessa especialidade, preparando m\u00e9dicos para atua\u00e7\u00e3o no SUS em todo o Brasil. Muitos egressos do programa de resid\u00eancia t\u00eam a oportunidade de ser absorvidos pela rede municipal ao final do curso.<\/p>\n<p>Para o Programa de Resid\u00eancia M\u00e9dica em Unidades Hospitalares as vagas s\u00e3o nas especialidades de anestesiologia, cirurgia geral, cirurgia pl\u00e1stica, cirurgia vascular, cl\u00ednica m\u00e9dica, coloproctologia, dermatologia, medicina de emerg\u00eancia, medicina intensiva, neurocirurgia, obstetr\u00edcia e ginecologia, oftalmologia, ortopedia\/traumatologia, pediatria, psiquiatria, urologia, radiologia e diagn\u00f3stico por imagem.<\/p>\n<p><strong>Programas de \u00c1reas de Atua\u00e7\u00e3o na Resid\u00eancia M\u00e9dica (Edital FP\/SUBGGC n\u00ba 150)<\/strong><\/p>\n<p>S\u00e3o 19 vagas nas especialidades de cirurgia pl\u00e1stica para atendimento ao queimado, cirurgia geral-trauma, cirurgia vascular (endovascular e angiorradiologia), infectologia pedi\u00e1trica, medicina intensiva pedi\u00e1trica, pneumologia pedi\u00e1trica, psiquiatria da inf\u00e2ncia e da adolesc\u00eancia, neonatologia. As especializa\u00e7\u00f5es ser\u00e3o ministradas nos hospitais municipais Louren\u00e7o Jorge (Maternidade Leila Diniz), Jesus, Salgado Filho e Souza Aguiar e no Instituto Philippe Pinel. O candidato dever\u00e1 ter conclu\u00eddo o Programa de Resid\u00eancia M\u00e9dica, credenciado pela Comiss\u00e3o Nacional de Resid\u00eancia M\u00e9dica (CNRM), da \u00e1rea em que pretende fazer o Programa de \u00c1rea de Atua\u00e7\u00e3o na Resid\u00eancia M\u00e9dica. O valor da bolsa ser\u00e1 de R$ 4.106,09, e o tempo de dura\u00e7\u00e3o do programa pode ser de um ou dois anos, conforme a especialidade escolhida. A taxa de inscri\u00e7\u00e3o \u00e9 de R$ 250.<\/p>\n<p><strong>Resid\u00eancia em Enfermagem de Fam\u00edlia e Comunidade (Edital FP\/SUBGGC n\u00ba 153)<\/strong><\/p>\n<p>O Programa de Resid\u00eancia em Enfermagem de Fam\u00edlia e Comunidade oferece 74 vagas para profissionais. Os enfermeiros da especialidade atuam na Estrat\u00e9gia Sa\u00fade da Fam\u00edlia, nas cl\u00ednicas da fam\u00edlia. A bolsa mensal ser\u00e1 de R$ 4.106,09. O tempo de dura\u00e7\u00e3o dos programas \u00e9 de dois anos, com carga hor\u00e1ria de 60 horas semanais. Taxa de inscri\u00e7\u00e3o: R$ 250.<\/p>\n<p><strong>Resid\u00eancia de Aten\u00e7\u00e3o em Terapia Intensiva (Edital FP\/SUBGGC n\u00ba 154)<\/strong><\/p>\n<p>S\u00e3o 10 vagas para enfermagem e cinco para fisioterapia no Programa de Resid\u00eancia de Aten\u00e7\u00e3o em Terapia Intensiva. A bolsa ser\u00e1 de R$ 4.106,09 por m\u00eas e o tempo de dura\u00e7\u00e3o de dois anos, com carga hor\u00e1ria de 60 horas semanais. O ensino em servi\u00e7o ser\u00e1 realizado no Hospital Municipal Ronaldo Gazolla e\/ou demais unidades de sa\u00fade da Secretaria Municipal de Sa\u00fade e institui\u00e7\u00f5es conveniadas. Taxa de inscri\u00e7\u00e3o de R$ 250.<\/p>\n<p><strong>Resid\u00eancia Multiprofissional em Sa\u00fade Mental (Edital FP\/SUBGGC n\u00ba 156)<\/strong><\/p>\n<p>Ao todo s\u00e3o 20 vagas distribu\u00eddas entre as \u00e1reas de servi\u00e7o social, educa\u00e7\u00e3o f\u00edsica, enfermagem, psicologia e terapia ocupacional. A bolsa mensal ser\u00e1 de R$ 4.106,09. O tempo de dura\u00e7\u00e3o do programa \u00e9 de dois anos, com carga hor\u00e1ria de 60 horas semanais. Taxa de inscri\u00e7\u00e3o no valor de R$ 250.<\/p>\n<p><strong>Programa de Resid\u00eancia em Cirurgia e Traumatologia Bucomaxilofacial (Edital FP\/SUBGGC n\u00b0 158)<\/strong><\/p>\n<p>O Programa de Resid\u00eancia em Cirurgia e Traumatologia Bucomaxilofacial \u00e9 voltado para profissionais de odontologia. S\u00e3o oito vagas para cirurgi\u00f5es dentistas, com bolsa mensal de R$ 8.640. O curso tem carga hor\u00e1ria semanal de 60 horas e dura\u00e7\u00e3o de dois anos. O valor da taxa de inscri\u00e7\u00e3o \u00e9 R$ 250.<\/p>\n<p><strong>Resid\u00eancia Multiprofissional em Vigil\u00e2ncia Sanit\u00e1ria e Resid\u00eancia em Medicina Veterin\u00e1ria do IVISA-Rio (Editais FP\/SUBGGC n\u00ba 157 e\u00a0 n\u00ba 155)<\/strong><\/p>\n<p>Para os programas de Resid\u00eancia em Medicina Veterin\u00e1ria e de Resid\u00eancia Multiprofissional em Vigil\u00e2ncia Sanit\u00e1ria do Instituto Municipal de Vigil\u00e2ncia Sanit\u00e1ria, Vigil\u00e2ncia de Zoonoses e Inspe\u00e7\u00e3o Agropecu\u00e1ria (IVISA-Rio) s\u00e3o ofertadas 20 vagas ao todo, sendo 10 para veterin\u00e1ria e as demais distribu\u00eddas para as \u00e1reas de enfermagem, farm\u00e1cia e nutri\u00e7\u00e3o. A bolsa mensal ser\u00e1 de R$ 4.106,09 e o tempo de dura\u00e7\u00e3o de dois anos, para ambos os programas, com carga hor\u00e1ria \u00e9 de 60 horas semanais. A taxa de inscri\u00e7\u00e3o \u00e9 de R$ 250.<\/p>\n<p><strong>Programa de P\u00f3s-Gradua\u00e7\u00e3o em Enfermagem Cl\u00ednica e Cir\u00fargica (Edital FP\/SUBGGC n\u00b0 152)<\/strong><\/p>\n<p>O Programa de P\u00f3s-Gradua\u00e7\u00e3o em n\u00edvel de Especializa\u00e7\u00e3o em Enfermagem Cl\u00ednica e Cir\u00fargica oferece 14 vagas com bolsa mensal no valor de R$ 4.106,09 e carga hor\u00e1ria de 60 horas semanais. A dura\u00e7\u00e3o do curso \u00e9 de dois anos e a taxa de inscri\u00e7\u00e3o \u00e9 de R$ 250.<\/p>\n<p>As inscri\u00e7\u00f5es para os diferentes processos seletivos dever\u00e3o ser realizadas somente pela internet, mediante o <strong>preenchimento do requerimento dispon\u00edvel neste link<\/strong>.<\/p>\n<p>\u00a0<\/p>\n<p><em><strong>Vagas para estudantes universit\u00e1rios<\/strong><\/em><\/p>\n<p><strong>Programa Acad\u00eamico Bolsista (Edital FP\/SUBGGC n\u00b0 148)<\/strong><\/p>\n<p>O Programa Acad\u00eamico Bolsista oferece um total de 965 vagas para est\u00e1gio n\u00e3o obrigat\u00f3rio no ano de 2024, voltado a estudantes universit\u00e1rios de diferentes cursos. Podem participar alunos de institui\u00e7\u00f5es de ensino superior ou t\u00e9cnico que tenham conv\u00eanio com a Secretaria Municipal de Sa\u00fade. As cargas hor\u00e1rias semanais podem ser de 10, 12, 20 ou 30 horas, de acordo com cada curso. A bolsa mensal vai de R$ 282,63 a R$ 665,01, conforme curso e carga hor\u00e1ria, com aux\u00edlio transporte de R$ 189,20. O valor da taxa de inscri\u00e7\u00e3o \u00e9 de R$ 100.<\/p>\n<p>As \u00e1reas dispon\u00edveis s\u00e3o Comunica\u00e7\u00e3o Social (jornalismo, comunica\u00e7\u00e3o visual, design gr\u00e1fico, publicidade com foco em dire\u00e7\u00e3o de arte, publicidade com foco em reda\u00e7\u00e3o publicit\u00e1ria, rela\u00e7\u00f5es p\u00fablicas), Gest\u00e3o (administra\u00e7\u00e3o, administra\u00e7\u00e3o p\u00fablica, ci\u00eancias cont\u00e1beis, direito, tecn\u00f3logo em gest\u00e3o de recursos humanos, t\u00e9cnico em administra\u00e7\u00e3o, t\u00e9cnico de gest\u00e3o em sa\u00fade), Vigil\u00e2ncia Sanit\u00e1ria (farm\u00e1cia, medicina veterin\u00e1ria\/laborat\u00f3rio\/vigil\u00e2ncia sanit\u00e1ria\/zoonoses, nutri\u00e7\u00e3o), Aten\u00e7\u00e3o Prim\u00e1ria (educa\u00e7\u00e3o f\u00edsica, enfermagem, farm\u00e1cia, fisioterapia, fonoaudiologia, medicina, nutri\u00e7\u00e3o, odontologia, psicologia, sa\u00fade coletiva, servi\u00e7o social, terapia ocupacional), Aten\u00e7\u00e3o Hospitalar (biomedicina, ci\u00eancias biol\u00f3gicas, enfermagem\/aten\u00e7\u00e3o hospitalar, enfermagem\/obstetr\u00edcia, farm\u00e1cia, fisioterapia, fonoaudiologia, medicina\/CTI, medicina\/emerg\u00eancia, medicina\/obstetr\u00edcia, nutri\u00e7\u00e3o, odontologia\/urg\u00eancia e emerg\u00eancia, psicologia, sa\u00fade coletiva, servi\u00e7o social, terapia ocupacional), Sa\u00fade Mental (arquivologia, biblioteconomia, museologia, educa\u00e7\u00e3o f\u00edsica, enfermagem, farm\u00e1cia, fonoaudiologia, medicina, nutri\u00e7\u00e3o, odontologia, psicologia, terapia ocupacional) e Programa Sa\u00fade na Escola Carioca (educa\u00e7\u00e3o f\u00edsica, enfermagem, nutri\u00e7\u00e3o, odontologia, psicologia).<\/p>\n<p><strong>Projeto Acolher (Edital FP\/SUBGGC n\u00b0 149)<\/strong><\/p>\n<p>O Projeto Acolher \u00e9 uma iniciativa que visa estimular os futuros profissionais a constru\u00e7\u00e3o de rela\u00e7\u00f5es humanizadas com os usu\u00e1rios do SUS, em favor da efetiva\u00e7\u00e3o de um servi\u00e7o p\u00fablico de sa\u00fade qualificado e resolutivo. S\u00e3o 70 vagas de est\u00e1gio n\u00e3o obrigat\u00f3rio para estudantes universit\u00e1rios de diferentes cursos, matriculados em institui\u00e7\u00f5es com conv\u00eanio com a Secretaria Municipal de Sa\u00fade. Os cursos s\u00e3o: administra\u00e7\u00e3o, administra\u00e7\u00e3o p\u00fablica, biomedicina, ci\u00eancias biol\u00f3gicas, comunica\u00e7\u00e3o social, educa\u00e7\u00e3o f\u00edsica, enfermagem, farm\u00e1cia, fisioterapia, fonoaudiologia, medicina, nutri\u00e7\u00e3o, odontologia, pedagogia, psicologia, sa\u00fade coletiva, tecn\u00f3logo em gest\u00e3o de recursos humanos, terapia ocupacional. A bolsa mensal \u00e9 de R$ 443,84, com aux\u00edlio transporte de R$ 189,20. O est\u00e1gio ter\u00e1 a dura\u00e7\u00e3o de nove meses. O valor da taxa de inscri\u00e7\u00e3o \u00e9 de R$ 100,00.<\/p>\n<p>             <!-- Compartilhe ---><\/p>\n<p>\t\t\t <!-- TAGS --><\/p>\n<section class=\"category-tags\">\n<div class=\"marcacao-category\">\n<article class=\"category-post\">\n<p>Categoria: <\/p>\n<\/article>\n<li>13 de dezembro de 2023<\/li><\/div>\n<article class=\"tags\">\n\t\t\t\t\tMarca\u00e7\u00f5es: enfermagem estudante fisioterapia inscri\u00e7\u00e3o m\u00e9dico resid\u00eancia sa\u00fade<br \/><\/article>\n<\/section>\n<p>            <!-- Mais Not&iacute;cias --><\/p>\n<p>\t\t<!-- Conte&uacute;do SIDEBAR --><\/p><\/div>\n","protected":false},"excerpt":{"rendered":"<p>O programa de resid\u00eancia tem vagas para profissionais de diversas \u00e1reas &#8211; Prefeitura do Rio A Prefeitura do Rio est\u00e1 com inscri\u00e7\u00f5es abertas em nove processos seletivos para os programas de resid\u00eancia profissional da Secretaria Municipal de Sa\u00fade. As vagas s\u00e3o para medicina (diversas especialidades, para atua\u00e7\u00e3o em cl\u00ednicas da fam\u00edlia e hospitais), enfermagem, fisioterapia [&hellip;]<\/p>\n","protected":false},"author":1,"featured_media":0,"comment_status":"open","ping_status":"open","sticky":false,"template":"","format":"standard","meta":{"footnotes":""},"categories":[1],"tags":[],"class_list":["post-13209","post","type-post","status-publish","format-standard","hentry","category-noticias"],"amp_enabled":true,"_links":{"self":[{"href":"https:\/\/novasdodia.com.br\/index.php\/wp-json\/wp\/v2\/posts\/13209","targetHints":{"allow":["GET"]}}],"collection":[{"href":"https:\/\/novasdodia.com.br\/index.php\/wp-json\/wp\/v2\/posts"}],"about":[{"href":"https:\/\/novasdodia.com.br\/index.php\/wp-json\/wp\/v2\/types\/post"}],"author":[{"embeddable":true,"href":"https:\/\/novasdodia.com.br\/index.php\/wp-json\/wp\/v2\/users\/1"}],"replies":[{"embeddable":true,"href":"https:\/\/novasdodia.com.br\/index.php\/wp-json\/wp\/v2\/comments?post=13209"}],"version-history":[{"count":0,"href":"https:\/\/novasdodia.com.br\/index.php\/wp-json\/wp\/v2\/posts\/13209\/revisions"}],"wp:attachment":[{"href":"https:\/\/novasdodia.com.br\/index.php\/wp-json\/wp\/v2\/media?parent=13209"}],"wp:term":[{"taxonomy":"category","embeddable":true,"href":"https:\/\/novasdodia.com.br\/index.php\/wp-json\/wp\/v2\/categories?post=13209"},{"taxonomy":"post_tag","embeddable":true,"href":"https:\/\/novasdodia.com.br\/index.php\/wp-json\/wp\/v2\/tags?post=13209"}],"curies":[{"name":"wp","href":"https:\/\/api.w.org\/{rel}","templated":true}]}}