{"id":13233,"date":"2023-12-13T18:03:04","date_gmt":"2023-12-13T21:03:04","guid":{"rendered":"https:\/\/novasdodia.com.br\/index.php\/2023\/12\/13\/ms-debate-acoes-e-gestao-de-politicas-publicas-em-evento-nacional-com-a-ministra-do-planejamento-portal-do-governo-de-mato-grosso-do-sul\/"},"modified":"2023-12-13T18:03:04","modified_gmt":"2023-12-13T21:03:04","slug":"ms-debate-acoes-e-gestao-de-politicas-publicas-em-evento-nacional-com-a-ministra-do-planejamento-portal-do-governo-de-mato-grosso-do-sul","status":"publish","type":"post","link":"https:\/\/novasdodia.com.br\/index.php\/2023\/12\/13\/ms-debate-acoes-e-gestao-de-politicas-publicas-em-evento-nacional-com-a-ministra-do-planejamento-portal-do-governo-de-mato-grosso-do-sul\/","title":{"rendered":"MS debate a\u00e7\u00f5es e gest\u00e3o de pol\u00edticas p\u00fablicas em evento nacional com a ministra do Planejamento \u2013 Portal do Governo de Mato Grosso do Sul"},"content":{"rendered":"<p><\/p>\n<div>\n<p>Representando o Governo do Estado de Mato Grosso do Sul, o secret\u00e1rio executivo de gest\u00e3o estrat\u00e9gica e municipalismo, Thaner Castro Nogueira, participou do 88\u00ba F\u00f3rum Nacional de Secret\u00e1rios Estaduais do Planejamento, realizado em Bras\u00edlia, nessa quarta-feira (13).\u00a0<\/p>\n<p>O encontro teve in\u00edcio \u00e0s 9h, no Unique Palace com a presen\u00e7a da Ministra do Planejamento e Or\u00e7amento, Simone Tebet, do Secret\u00e1rio de Planejamento, Gest\u00e3o e Desenvolvimento Regional do Estado de Pernambuco e Presidente do Conseplan, Fabr\u00edcio Marques e da Secret\u00e1ria de Planejamento, Leany Lemos.<\/p>\n<p>Secret\u00e1rios estaduais de planejamento de 23 unidades federativas do Brasil e especialistas em pol\u00edticas p\u00fablicas, governan\u00e7a or\u00e7ament\u00e1ria e inova\u00e7\u00e3o participaram do F\u00f3rum para debater sobre planejamento or\u00e7ament\u00e1rio, a\u00e7\u00f5es e gest\u00e3o voltada \u00e0s pol\u00edticas p\u00fablicas do pa\u00eds.<\/p>\n<p>A programa\u00e7\u00e3o contou com a apresenta\u00e7\u00e3o de nove pain\u00e9is que abordaram diversos temas que norteiam a pauta central da reuni\u00e3o, como: Investimentos Estrat\u00e9gicos, Agendas Transversais e Multissetoriais no Or\u00e7amento da Uni\u00e3o, Perspectivas de Impacto nos Or\u00e7amentos Estaduais, Transforma\u00e7\u00e3o Digital como Estrat\u00e9gia de Desenvolvimento, Monitoramento e Avalia\u00e7\u00e3o de Pol\u00edticas P\u00fablicas, utilizando recursos tecnol\u00f3gicos e boas pr\u00e1ticas e Fontes de Financiamento para a Moderniza\u00e7\u00e3o dos Sistemas de Planejamento P\u00fablico.\u00a0\u00a0\u00a0\u00a0 \u00a0\u00a0\u00a0\u00a0\u00a0<\/p>\n<p>Realizado pelo Conselho Nacional de Secret\u00e1rios de Estado de Planejamento (Conseplan), a ideia do F\u00f3rum \u00e9 proporcionar um momento importante de compartilhamento de experi\u00eancias, boas pr\u00e1ticas e a\u00e7\u00f5es do Governo Federal voltadas para o planejamento or\u00e7ament\u00e1rio, financiamento e gest\u00e3o estrat\u00e9gica das pol\u00edticas p\u00fablicas.<\/p>\n<p>Para o secret\u00e1rio executivo, Thaner Castro Nogueira, o evento foi marcado por uma pauta riqu\u00edssima e permitir\u00e1 que Mato Grosso do Sul acompanhe a evolu\u00e7\u00e3o junto com os demais Estados.<\/p>\n<p>\u201cForam informa\u00e7\u00f5es muito valiosas sobre investimentos estrat\u00e9gicos, fontes de financiamento, Profisco III, assuntos transversais, emendas parlamentares, governo digital e governan\u00e7a or\u00e7ament\u00e1ria. Saio dessa edi\u00e7\u00e3o do evento com a clareza que o nosso Estado est\u00e1 no caminho certo\u201d.<\/p>\n<p>O F\u00f3rum foi encerrado, \u00e0s 16h30, pela ministra Simone Tebet, em seguida o Conseplan se reuniu com os representantes estaduais presentes para definir as pr\u00f3ximas datas e locais dos F\u00f3runs de 2024 e do Congresso Conseplan 2024. O Evento terminou \u00e0s 18h.<\/p>\n<p><strong>Conseplan<\/strong><\/p>\n<p>Criado em 2006, O Conselho Nacional de Secret\u00e1rios de Estado de Planejamento (Conseplan) \u00e9 uma associa\u00e7\u00e3o civil sem fins lucrativos, que tem como membros os titulares das secretarias de Planejamento dos Estados, do Distrito Federal e dos \u00f3rg\u00e3os correlatos. O conselho atua como \u00f3rg\u00e3o permanente de coordena\u00e7\u00e3o e articula\u00e7\u00e3o dos interesses comuns das pastas, participando da formula\u00e7\u00e3o e implementa\u00e7\u00e3o das pol\u00edticas nacionais de planejamento p\u00fablico. Seus encontros presenciais s\u00e3o trimestrais e sediados alternadamente entre as capitais de Estados.<\/p>\n<p><em>Renata Brum, Comunica\u00e7\u00e3o Segem<\/em><\/p>\n<\/div>\n","protected":false},"excerpt":{"rendered":"<p>Representando o Governo do Estado de Mato Grosso do Sul, o secret\u00e1rio executivo de gest\u00e3o estrat\u00e9gica e municipalismo, Thaner Castro Nogueira, participou do 88\u00ba F\u00f3rum Nacional de Secret\u00e1rios Estaduais do Planejamento, realizado em Bras\u00edlia, nessa quarta-feira (13).\u00a0 O encontro teve in\u00edcio \u00e0s 9h, no Unique Palace com a presen\u00e7a da Ministra do Planejamento e Or\u00e7amento, [&hellip;]<\/p>\n","protected":false},"author":1,"featured_media":0,"comment_status":"open","ping_status":"open","sticky":false,"template":"","format":"standard","meta":{"footnotes":""},"categories":[],"tags":[],"class_list":["post-13233","post","type-post","status-publish","format-standard","hentry"],"amp_enabled":true,"_links":{"self":[{"href":"https:\/\/novasdodia.com.br\/index.php\/wp-json\/wp\/v2\/posts\/13233","targetHints":{"allow":["GET"]}}],"collection":[{"href":"https:\/\/novasdodia.com.br\/index.php\/wp-json\/wp\/v2\/posts"}],"about":[{"href":"https:\/\/novasdodia.com.br\/index.php\/wp-json\/wp\/v2\/types\/post"}],"author":[{"embeddable":true,"href":"https:\/\/novasdodia.com.br\/index.php\/wp-json\/wp\/v2\/users\/1"}],"replies":[{"embeddable":true,"href":"https:\/\/novasdodia.com.br\/index.php\/wp-json\/wp\/v2\/comments?post=13233"}],"version-history":[{"count":0,"href":"https:\/\/novasdodia.com.br\/index.php\/wp-json\/wp\/v2\/posts\/13233\/revisions"}],"wp:attachment":[{"href":"https:\/\/novasdodia.com.br\/index.php\/wp-json\/wp\/v2\/media?parent=13233"}],"wp:term":[{"taxonomy":"category","embeddable":true,"href":"https:\/\/novasdodia.com.br\/index.php\/wp-json\/wp\/v2\/categories?post=13233"},{"taxonomy":"post_tag","embeddable":true,"href":"https:\/\/novasdodia.com.br\/index.php\/wp-json\/wp\/v2\/tags?post=13233"}],"curies":[{"name":"wp","href":"https:\/\/api.w.org\/{rel}","templated":true}]}}