{"id":13574,"date":"2023-12-19T02:25:37","date_gmt":"2023-12-19T05:25:37","guid":{"rendered":"https:\/\/novasdodia.com.br\/index.php\/2023\/12\/19\/tuneis-acustico-zuzu-angel-e-reboucas-serao-fechados-para-manutencao-das-galerias-prefeitura-da-cidade-do-rio-de-janeiro\/"},"modified":"2023-12-19T02:25:37","modified_gmt":"2023-12-19T05:25:37","slug":"tuneis-acustico-zuzu-angel-e-reboucas-serao-fechados-para-manutencao-das-galerias-prefeitura-da-cidade-do-rio-de-janeiro","status":"publish","type":"post","link":"https:\/\/novasdodia.com.br\/index.php\/2023\/12\/19\/tuneis-acustico-zuzu-angel-e-reboucas-serao-fechados-para-manutencao-das-galerias-prefeitura-da-cidade-do-rio-de-janeiro\/","title":{"rendered":"T\u00faneis Ac\u00fastico, Zuzu Angel e Rebou\u00e7as ser\u00e3o fechados para manuten\u00e7\u00e3o das galerias &#8211; Prefeitura da Cidade do Rio de Janeiro"},"content":{"rendered":"<p><\/p>\n<div id=\"main\">\n<div class=\"wrapper-breadcrumbs\" wp_automatic_readability=\"24.073766233766\">\n<div class=\"image-post\" wp_automatic_readability=\"32\">\n                     T\u00fanel Ac\u00fastico Rafael Mascarenhas &#8211; Marcos de Paula\/Prefeitura do Rio                  <\/div>\n<p>A CET-Rio e a Secretaria Municipal de Infraestrutura (SMI) informam que os t\u00faneis Zuzu Angel e Ac\u00fastico Rafael Mascarenhas ser\u00e3o fechados, nesta segunda-feira (18\/12), em ambos os sentidos, para manuten\u00e7\u00e3o das galerias. O sentido G\u00e1vea ser\u00e1 das 23h30 \u00e0s 5h, enquanto que o sentido S\u00e3o Conrado ser\u00e1 interditado das 23h30 \u00e0s 5h30. A principal op\u00e7\u00e3o para desvio \u00e9 a Avenida Niemeyer.<\/p>\n<p>J\u00e1 o T\u00fanel Rebou\u00e7as ser\u00e1 fechado, no sentido Centro, das 23h30 \u00e0s 5h, tamb\u00e9m para manuten\u00e7\u00e3o. As galerias de sentido oposto funcionar\u00e3o com uma faixa revers\u00edvel (a da esquerda), no sentido Centro, e duas faixas de tr\u00e2nsito no sentido Lagoa.<\/p>\n<p>Sinaliza\u00e7\u00e3o especifica ser\u00e1 instalada para orientar e alertar os motoristas. Operadores da CET-Rio estar\u00e3o monitorando as condi\u00e7\u00f5es do tr\u00e2nsito e v\u00e3o atuar, se necess\u00e1rio.\u00a0Al\u00e9m disso, os tempos semaf\u00f3ricos ser\u00e3o ajustados para melhorar a fluidez na rota de desvio e nos principais corredores da regi\u00e3o.<\/p>\n<p>Essa programa\u00e7\u00e3o poder\u00e1 ser suspensa a qualquer tempo devido a condi\u00e7\u00f5es clim\u00e1ticas ou a quest\u00f5es operacionais da cidade.<\/p>\n<p>             <!-- Compartilhe ---><\/p>\n<p>\t\t\t <!-- TAGS --><\/p>\n<section class=\"category-tags\">\n<div class=\"marcacao-category\">\n<article class=\"category-post\">\n<p>Categoria: <\/p>\n<\/article>\n<li>18 de dezembro de 2023<\/li><\/div>\n<article class=\"tags\">\n\t\t\t\t\tMarca\u00e7\u00f5es: CET-Rio interdi\u00e7\u00f5es manuten\u00e7\u00e3o tr\u00e2nsito T\u00fanel Ac\u00fastico Rafael Mascarenhas t\u00fanel rebou\u00e7as T\u00fanel Zuzu Angel<br \/><\/article>\n<\/section>\n<p>            <!-- Mais Not&iacute;cias --><\/p>\n<p>\t\t<!-- Conte&uacute;do SIDEBAR --><\/p><\/div>\n<\/p><\/div>\n","protected":false},"excerpt":{"rendered":"<p>T\u00fanel Ac\u00fastico Rafael Mascarenhas &#8211; Marcos de Paula\/Prefeitura do Rio A CET-Rio e a Secretaria Municipal de Infraestrutura (SMI) informam que os t\u00faneis Zuzu Angel e Ac\u00fastico Rafael Mascarenhas ser\u00e3o fechados, nesta segunda-feira (18\/12), em ambos os sentidos, para manuten\u00e7\u00e3o das galerias. O sentido G\u00e1vea ser\u00e1 das 23h30 \u00e0s 5h, enquanto que o sentido S\u00e3o [&hellip;]<\/p>\n","protected":false},"author":1,"featured_media":0,"comment_status":"open","ping_status":"open","sticky":false,"template":"","format":"standard","meta":{"footnotes":""},"categories":[1],"tags":[],"class_list":["post-13574","post","type-post","status-publish","format-standard","hentry","category-noticias"],"amp_enabled":true,"_links":{"self":[{"href":"https:\/\/novasdodia.com.br\/index.php\/wp-json\/wp\/v2\/posts\/13574","targetHints":{"allow":["GET"]}}],"collection":[{"href":"https:\/\/novasdodia.com.br\/index.php\/wp-json\/wp\/v2\/posts"}],"about":[{"href":"https:\/\/novasdodia.com.br\/index.php\/wp-json\/wp\/v2\/types\/post"}],"author":[{"embeddable":true,"href":"https:\/\/novasdodia.com.br\/index.php\/wp-json\/wp\/v2\/users\/1"}],"replies":[{"embeddable":true,"href":"https:\/\/novasdodia.com.br\/index.php\/wp-json\/wp\/v2\/comments?post=13574"}],"version-history":[{"count":0,"href":"https:\/\/novasdodia.com.br\/index.php\/wp-json\/wp\/v2\/posts\/13574\/revisions"}],"wp:attachment":[{"href":"https:\/\/novasdodia.com.br\/index.php\/wp-json\/wp\/v2\/media?parent=13574"}],"wp:term":[{"taxonomy":"category","embeddable":true,"href":"https:\/\/novasdodia.com.br\/index.php\/wp-json\/wp\/v2\/categories?post=13574"},{"taxonomy":"post_tag","embeddable":true,"href":"https:\/\/novasdodia.com.br\/index.php\/wp-json\/wp\/v2\/tags?post=13574"}],"curies":[{"name":"wp","href":"https:\/\/api.w.org\/{rel}","templated":true}]}}