{"id":13678,"date":"2023-12-20T17:42:54","date_gmt":"2023-12-20T20:42:54","guid":{"rendered":"https:\/\/novasdodia.com.br\/index.php\/2023\/12\/20\/fiscalizacao-interdita-2-adegas-e-notifica-4-bares-em-sao-jose\/"},"modified":"2023-12-20T17:42:54","modified_gmt":"2023-12-20T20:42:54","slug":"fiscalizacao-interdita-2-adegas-e-notifica-4-bares-em-sao-jose","status":"publish","type":"post","link":"https:\/\/novasdodia.com.br\/index.php\/2023\/12\/20\/fiscalizacao-interdita-2-adegas-e-notifica-4-bares-em-sao-jose\/","title":{"rendered":"Fiscaliza\u00e7\u00e3o interdita 2 adegas e notifica 4 bares em S\u00e3o Jos\u00e9"},"content":{"rendered":"<p><\/p>\n<div>\n<p><b>Celso Gomes<\/b><br \/>&#13;<br \/>\n&#13;<br \/>\n                <span style=\"font-weight: bold;\">Secretaria de Prote\u00e7\u00e3o ao Cidad\u00e3o<\/span><\/p>\n<p>Com a ajuda da popula\u00e7\u00e3o, que t\u00eam feito den\u00fancias sobre perturba\u00e7\u00e3o do sossego, a Fiscaliza\u00e7\u00e3o de Posturas da Prefeitura de S\u00e3o Jos\u00e9 dos Campos est\u00e1 adotando medidas de controle mais rigorosas contra irregularidades cometidas por estabelecimentos.<\/p>\n<p>Nesta ter\u00e7a-feira (19), foram interditadas duas adegas que estavam funcionando irregularmente na regi\u00e3o leste da cidade, com o agravante de estarem violando as leis de perturba\u00e7\u00e3o do sossego da popula\u00e7\u00e3o ap\u00f3s \u00e0s 22h.<\/p>\n<p>Do outro lado da cidade, na regi\u00e3o sul, os fiscais vistoriaram 6 bares e constataram o uso irregular do passeio p\u00fablico, com mesas e cadeiras, em 4 estabelecimentos. Todos foram notificados pela Fiscaliza\u00e7\u00e3o e ter\u00e3o que se adequar nos pr\u00f3ximos dias.<\/p>\n<p>De janeiro a novembro, a Fiscaliza\u00e7\u00e3o j\u00e1 emitiu 101 autua\u00e7\u00f5es por perturba\u00e7\u00e3o do sossego e realizou 84 medi\u00e7\u00f5es sonoras para avaliar o n\u00edvel de ru\u00eddo emitido por estabelecimentos e resid\u00eancias.<\/p>\n<p><em>Adega na regi\u00e3o leste foi interditada por estar funcionando de forma irregular\u00a0<\/em><\/p>\n<p><span class=\"intertitulo\">Opera\u00e7\u00e3o Centro +Seguro<\/span><\/p>\n<p>Desde o \u00faltimo dia 1\u00ba de dezembro, com in\u00edcio da Opera\u00e7\u00e3o Centro +Seguro em parceria com as for\u00e7as de seguran\u00e7a, na qual a fiscaliza\u00e7\u00e3o foi intensificada para combater o com\u00e9rcio ambulante irregular, os fiscais realizaram 12 interven\u00e7\u00f5es e apreens\u00f5es de diferentes tipos de produtos como balas, bombons, pa\u00e7ocas e sacos de lixo.<\/p>\n<p>Al\u00e9m da regi\u00e3o central, as apreens\u00f5es tamb\u00e9m foram registradas na zona sul, principalmente nas \u00e1reas pr\u00f3ximas aos centros de compras.<\/p>\n<p>Em 2023, a prefeitura concedeu 52 novas licen\u00e7as de ambulantes. O munic\u00edpio conta com 380 vendedores devidamente autorizados a comercializar seus produtos em locais fixos na cidade.<\/p>\n<p><em>Fiscaliza\u00e7\u00e3o foi intensificada para combater o com\u00e9rcio ambulante irregular na regi\u00e3o central<\/em><\/p>\n<p><span class=\"intertitulo\">Nova lei de fiscaliza\u00e7\u00e3o<\/span><\/p>\n<p>Neste m\u00eas, a C\u00e2mara Municipal aprovou projeto de lei\u00a0444\/2023, que atualiza as normas de Fiscaliza\u00e7\u00e3o de Posturas Municipais, revogando o C\u00f3digo Administrativo (lei 1.566\/1970) e a lei 8.400\/2011, que proibia a interdi\u00e7\u00e3o de estabelecimentos comerciais nos fins de semana e feriados por falta de inscri\u00e7\u00e3o municipal.<\/p>\n<p>A lei garante maior agilidade para as a\u00e7\u00f5es fiscais em atendimento \u00e0s demandas da popula\u00e7\u00e3o referentes \u00e0 perturba\u00e7\u00e3o do sossego, bem como sobre conserva\u00e7\u00e3o e limpeza de terrenos e ve\u00edculos abandonados em vias, descarte irregular de res\u00edduos, al\u00e9m de manuten\u00e7\u00e3o e conserva\u00e7\u00e3o de cal\u00e7adas, guias e sarjetas.<\/p>\n<p>&#13;<br \/>\n                        <strong>MAIS NOT\u00cdCIAS<\/strong><br \/>&#13;<br \/>\n                        Secretaria de Prote\u00e7\u00e3o ao Cidad\u00e3o&#13;\n                    <\/p>\n<\/p><\/div>\n","protected":false},"excerpt":{"rendered":"<p>Celso Gomes&#13; &#13; Secretaria de Prote\u00e7\u00e3o ao Cidad\u00e3o Com a ajuda da popula\u00e7\u00e3o, que t\u00eam feito den\u00fancias sobre perturba\u00e7\u00e3o do sossego, a Fiscaliza\u00e7\u00e3o de Posturas da Prefeitura de S\u00e3o Jos\u00e9 dos Campos est\u00e1 adotando medidas de controle mais rigorosas contra irregularidades cometidas por estabelecimentos. Nesta ter\u00e7a-feira (19), foram interditadas duas adegas que estavam funcionando irregularmente [&hellip;]<\/p>\n","protected":false},"author":1,"featured_media":0,"comment_status":"open","ping_status":"open","sticky":false,"template":"","format":"standard","meta":{"footnotes":""},"categories":[1],"tags":[],"class_list":["post-13678","post","type-post","status-publish","format-standard","hentry","category-noticias"],"amp_enabled":true,"_links":{"self":[{"href":"https:\/\/novasdodia.com.br\/index.php\/wp-json\/wp\/v2\/posts\/13678","targetHints":{"allow":["GET"]}}],"collection":[{"href":"https:\/\/novasdodia.com.br\/index.php\/wp-json\/wp\/v2\/posts"}],"about":[{"href":"https:\/\/novasdodia.com.br\/index.php\/wp-json\/wp\/v2\/types\/post"}],"author":[{"embeddable":true,"href":"https:\/\/novasdodia.com.br\/index.php\/wp-json\/wp\/v2\/users\/1"}],"replies":[{"embeddable":true,"href":"https:\/\/novasdodia.com.br\/index.php\/wp-json\/wp\/v2\/comments?post=13678"}],"version-history":[{"count":0,"href":"https:\/\/novasdodia.com.br\/index.php\/wp-json\/wp\/v2\/posts\/13678\/revisions"}],"wp:attachment":[{"href":"https:\/\/novasdodia.com.br\/index.php\/wp-json\/wp\/v2\/media?parent=13678"}],"wp:term":[{"taxonomy":"category","embeddable":true,"href":"https:\/\/novasdodia.com.br\/index.php\/wp-json\/wp\/v2\/categories?post=13678"},{"taxonomy":"post_tag","embeddable":true,"href":"https:\/\/novasdodia.com.br\/index.php\/wp-json\/wp\/v2\/tags?post=13678"}],"curies":[{"name":"wp","href":"https:\/\/api.w.org\/{rel}","templated":true}]}}