{"id":13805,"date":"2023-12-22T13:51:55","date_gmt":"2023-12-22T16:51:55","guid":{"rendered":"https:\/\/novasdodia.com.br\/index.php\/2023\/12\/22\/prefeitura-de-cuiab-toda-a-alegria-do-natal-da-gente-2023-morador-do-jardim-colorado-compartilha-o-encanto-festivo\/"},"modified":"2023-12-22T13:51:55","modified_gmt":"2023-12-22T16:51:55","slug":"prefeitura-de-cuiab-toda-a-alegria-do-natal-da-gente-2023-morador-do-jardim-colorado-compartilha-o-encanto-festivo","status":"publish","type":"post","link":"https:\/\/novasdodia.com.br\/index.php\/2023\/12\/22\/prefeitura-de-cuiab-toda-a-alegria-do-natal-da-gente-2023-morador-do-jardim-colorado-compartilha-o-encanto-festivo\/","title":{"rendered":"Prefeitura de Cuiab | Toda a alegria do Natal da Gente 2023: Morador do Jardim Colorado compartilha o encanto festivo"},"content":{"rendered":"<p><\/p>\n<div itemprop=\"articleBody\">\n<p class=\"MsoNormal\">\u201cO pessoal est\u00e1 gostando! Olha! Todo mundo est\u00e1 sorrindo, olha o meu menino dan\u00e7ando, ele n\u00e3o se solta assim n\u00e3o, \u00e9 t\u00edmido, mas aqui ele est\u00e1 se divertindo, est\u00e1 feliz, agradece o prefeito Emanuel por mim!&#8221;, comentou o morador Luiz Carlos, com os olhos brilhando enquanto filmava o filho Luiz Felipe, de 8 anos, participando da competi\u00e7\u00e3o de dan\u00e7a comandada pela Elsa, personagem dos filmes Disney e que faz parte da Tia Hanna Produ\u00e7\u00f5es, grupo que animou a crian\u00e7ada no 12\u00ba dia de Natal Gente.<\/p>\n<p class=\"MsoNormal\">Na noite desta quinta-feira (21), a festividade aconteceu no bairro Jardim Colorado, a localidade foi escolhida atrav\u00e9s de pedidos da comunidade. A iniciativa da Prefeitura de Cuiab\u00e1, por meio da Secretaria Municipal de Cultura, Esporte e Lazer, est\u00e1 levando a alegria e encantamento do Natal para os bairros da cidade. As quatro regi\u00f5es est\u00e3o sendo atendidas. Desta vez, as crian\u00e7as da parte oeste de Cuiab\u00e1 aproveitaram uma noite de brincadeiras, dan\u00e7as, gincanas, Papai Noel e show de neve, tudo de forma gratuita.<\/p>\n<p class=\"MsoNormal\">&#8220;Os moradores do Jardim Colorado pediram e n\u00f3s atendemos, trouxemos o Natal da Gente para alegrar a comunidade do bairro. O foco do prefeito Emanuel Pinheiro e da primeira-dama M\u00e1rcia Pinheiro \u00e9 fazer essa aproxima\u00e7\u00e3o da gest\u00e3o com a popula\u00e7\u00e3o, queremos levar o aconchego do Natal, a alegria e as atra\u00e7\u00f5es culturais para todos os cantos e encantos da nossa Cuiab\u00e1&#8221;, afirmou o secret\u00e1rio de Cultura, Alu\u00edzio Leite.<\/p>\n<p class=\"MsoNormal\">Acomodadas em cadeiras de praia, Claudinete e Ana Maria assistiam os shows e at\u00e9 cantarolavam algumas m\u00fasicas tocadas na gincana de dan\u00e7a. Vizinhas h\u00e1 mais de 15 anos, as aposentadas levaram os netos para prestigiar as atra\u00e7\u00f5es no Natal da Gente.<\/p>\n<p class=\"MsoNormal\">&#8220;J\u00e1 subimos com os meninos na carreta para eles tirarem fotos com o Papai Noel, chegamos aqui 18h, as crian\u00e7as ficaram muito ansiosas quando souberam desse evento aqui na pracinha, agora vamos deixar eles aproveitarem as gincanas. Ficamos felizes quando soubemos que nosso bairro tinha sido escolhido para receber o Natal da Gente, moramos longe do centro, longe de shoppings, \u00e9 dif\u00edcil levar os pequenos para verem o Papai Noel, a Prefeitura de Cuiab\u00e1 alegrou nosso fim de ano trazendo essa festa para nossa comunidade&#8221;, frisou Ana Maria, enquanto se levantava para filmar os netos que subiam ao palco todo decorado com enfeites natalinos para participar da brincadeira &#8220;qual \u00e9 a m\u00fasica?&#8221;, competi\u00e7\u00e3o onde a garotada tinha que acertar o nome das m\u00fasicas tocadas.<\/p>\n<p class=\"MsoNormal\">A equipe da Tia Hanna Produ\u00e7\u00f5es animou a crian\u00e7ada com brincadeiras, gincanas e apresenta\u00e7\u00f5es do come\u00e7o ao fim do evento. E todos que aproveitavam a anima\u00e7\u00e3o infantil tamb\u00e9m tiravam um tempinho para visitar o Papai Noel em sua carreta toda enfeitada e iluminada, para tirar fotos e fazer os pedidos de Natal para o bom velhinho.<\/p>\n<p class=\"MsoNormal\">O Natal da Gente conta com a parceria da Energisa, \u00c1guas Cuiab\u00e1, Coral da UFMT, O Botic\u00e1rio e Assembleia Legislativa de Mato Grosso. A turma do O Botic\u00e1rio participou do evento com c\u00e2mera polaroid, que revela instantaneamente a imagem, para que as fam\u00edlias presentes pudessem levar para casa um registro dessa noite t\u00e3o especial.<\/p>\n<p class=\"MsoNormal\"><strong>Veja a programa\u00e7\u00e3o<\/strong><\/p>\n<p class=\"MsoNormal\">22 de dezembro (sexta-feira): Bairro Osmar Cabral, das 19h \u00e0s 22h.<\/p>\n<p class=\"MsoNormal\">23 de dezembro (s\u00e1bado): Encerramento no Parque Tia Nair, das 19h \u00e0s 22h.<\/p>\n<\/div>\n","protected":false},"excerpt":{"rendered":"<p>\u201cO pessoal est\u00e1 gostando! Olha! Todo mundo est\u00e1 sorrindo, olha o meu menino dan\u00e7ando, ele n\u00e3o se solta assim n\u00e3o, \u00e9 t\u00edmido, mas aqui ele est\u00e1 se divertindo, est\u00e1 feliz, agradece o prefeito Emanuel por mim!&#8221;, comentou o morador Luiz Carlos, com os olhos brilhando enquanto filmava o filho Luiz Felipe, de 8 anos, participando [&hellip;]<\/p>\n","protected":false},"author":1,"featured_media":0,"comment_status":"open","ping_status":"open","sticky":false,"template":"","format":"standard","meta":{"footnotes":""},"categories":[1],"tags":[],"class_list":["post-13805","post","type-post","status-publish","format-standard","hentry","category-noticias"],"amp_enabled":true,"_links":{"self":[{"href":"https:\/\/novasdodia.com.br\/index.php\/wp-json\/wp\/v2\/posts\/13805","targetHints":{"allow":["GET"]}}],"collection":[{"href":"https:\/\/novasdodia.com.br\/index.php\/wp-json\/wp\/v2\/posts"}],"about":[{"href":"https:\/\/novasdodia.com.br\/index.php\/wp-json\/wp\/v2\/types\/post"}],"author":[{"embeddable":true,"href":"https:\/\/novasdodia.com.br\/index.php\/wp-json\/wp\/v2\/users\/1"}],"replies":[{"embeddable":true,"href":"https:\/\/novasdodia.com.br\/index.php\/wp-json\/wp\/v2\/comments?post=13805"}],"version-history":[{"count":0,"href":"https:\/\/novasdodia.com.br\/index.php\/wp-json\/wp\/v2\/posts\/13805\/revisions"}],"wp:attachment":[{"href":"https:\/\/novasdodia.com.br\/index.php\/wp-json\/wp\/v2\/media?parent=13805"}],"wp:term":[{"taxonomy":"category","embeddable":true,"href":"https:\/\/novasdodia.com.br\/index.php\/wp-json\/wp\/v2\/categories?post=13805"},{"taxonomy":"post_tag","embeddable":true,"href":"https:\/\/novasdodia.com.br\/index.php\/wp-json\/wp\/v2\/tags?post=13805"}],"curies":[{"name":"wp","href":"https:\/\/api.w.org\/{rel}","templated":true}]}}