{"id":13833,"date":"2023-12-23T01:05:17","date_gmt":"2023-12-23T04:05:17","guid":{"rendered":"https:\/\/novasdodia.com.br\/index.php\/2023\/12\/23\/eventos-da-funjope-movimentaram-equipamentos-culturais-de-joao-pessoa-em-2023\/"},"modified":"2023-12-23T01:05:17","modified_gmt":"2023-12-23T04:05:17","slug":"eventos-da-funjope-movimentaram-equipamentos-culturais-de-joao-pessoa-em-2023","status":"publish","type":"post","link":"https:\/\/novasdodia.com.br\/index.php\/2023\/12\/23\/eventos-da-funjope-movimentaram-equipamentos-culturais-de-joao-pessoa-em-2023\/","title":{"rendered":"Eventos da Funjope movimentaram equipamentos culturais de Jo\u00e3o Pessoa em 2023"},"content":{"rendered":"<p><\/p>\n<div>\n<p>Quarenta e cinco atra\u00e7\u00f5es passaram pelo palco do Sabadinho Bom em 2023, at\u00e9 a segunda semana de dezembro. O evento, realizado semanalmente pela Funda\u00e7\u00e3o Cultural de Jo\u00e3o Pessoa (Funjope), na Pra\u00e7a Rio Branco, busca valorizar os artistas locais, enfatizando o chorinho e o samba que, este ano, teve destaque em 13 edi\u00e7\u00f5es. Eventos no Hotel Globo e na Casa da P\u00f3lvora tamb\u00e9m ofereceram cultura e entretenimento para a popula\u00e7\u00e3o. \u00a0 <\/p>\n<figure class=\"wp-block-gallery has-nested-images columns-default is-cropped wp-block-gallery-1 is-layout-flex wp-block-gallery-is-layout-flex\">\n<figure class=\"wp-block-image size-large\"><\/figure>\n<figure class=\"wp-block-image size-large\"><\/figure>\n<\/figure>\n<p>\u201cRealizar a\u00e7\u00f5es art\u00edsticas e culturais no Centro Hist\u00f3rico \u00e9 uma das nossas prioridades na gest\u00e3o. N\u00f3s n\u00e3o descuidamos um s\u00f3 momento de dar aten\u00e7\u00e3o e est\u00edmulo para todas as culturas nesse territ\u00f3rio. O Sabadinho Bom talvez seja o nosso melhor exemplo. Durante todos os s\u00e1bados circulam por ali grupos de samba e de choro que atra\u00edram uma multid\u00e3o. Tamb\u00e9m na Casa da P\u00f3lvora e no Hotel Globo, onde prezamos por esse cuidado com o Centro Hist\u00f3rico\u201d, declara o diretor executivo da Funjope, Marcus Alves. \u00a0 <\/p>\n<p>Ele afirma que a Funjope, desde o primeiro dia da gest\u00e3o, mant\u00e9m firme toda aten\u00e7\u00e3o para o Centro Hist\u00f3rico. Agora mais ainda, depois que o prefeito C\u00edcero Lucena e o governador Jo\u00e3o Azev\u00eado lan\u00e7aram o projeto \u2018Viva o Centro\u2019. A iniciativa \u00e9 uma a\u00e7\u00e3o integrada do Governo do Estado e da Prefeitura de Jo\u00e3o Pessoa no sentido de restaurar o Centro Hist\u00f3rico do ponto de vista das estruturas f\u00edsicas. \u201cN\u00f3s, da Funjope, temos dado essa contribui\u00e7\u00e3o que eu julgo ser extremamente importante para essa revitaliza\u00e7\u00e3o, reocupa\u00e7\u00e3o do Centro Hist\u00f3rico\u201d, acrescenta o diretor. \u00a0 <\/p>\n<figure class=\"wp-block-gallery has-nested-images columns-default is-cropped wp-block-gallery-2 is-layout-flex wp-block-gallery-is-layout-flex\">\n<figure class=\"wp-block-image size-large\"><\/figure>\n<figure class=\"wp-block-image size-large\"><\/figure>\n<\/figure>\n<p><strong>Sabadinho Bom \u2013 <\/strong>Helton Souza, Os Mulatos, Xande Black, Potyzinho Lucena, Gitana Pimentel, Sanhau\u00e1 Samba Clube, Salete Marrom, Cei\u00e7a Farias e Trio Nego, grupo D\u00b4Kriouluz, Samba Eterna Raiz, Samba na Pra\u00e7a, Clara Bione e Clube do Samba de Mesa foram as atra\u00e7\u00f5es que envolvem o samba. \u00a0 <\/p>\n<p>J\u00e1 no ritmo do chorinho, passaram pelo Sabadinho Bom o Clube do Choro, Guegu\u00e9 Medeiros, Roberto do Vale e Oitavas do Choro. Teve ainda Choramigo, Marcos Andrade e Joca do Acordeon, Encanto e Choro, Cris Munhoz, Chorinho Buli\u00e7oso e Ailma Ribeiro, Alex Torres, Ricardo Brito, Gilvando Azeitona, Anabela e Edu de Maria, Joab Sax, Chagas Fernandes e Ivan Martins. \u00a0 <\/p>\n<p>Entre as atra\u00e7\u00f5es estiveram tamb\u00e9m Israel 7 Cordas, Helinho Medeiros, P\u00e9 de Choro, Porta do Sol, Draylton Siqueira, Chico Lopes, Renan Rezende, Papel Mach\u00ea, Rafhael Soares, Josalbo Licari\u00e3o, Diana Miranda, Adan, La\u00eddia Evangelista e Quarteto de Trombones da Para\u00edba. \u00a0 <\/p>\n<p>A estudante Yasmim Fonseca analisa que o Sabadinho Bom atrai pessoas de todas as idades e, por isso, segundo ela, faz tanto sucesso. \u201cFiz anivers\u00e1rio recentemente e, como gosto tanto do Sabadinho Bom, chamei uns amigos e fomos comemorar l\u00e1. Foi bom demais e s\u00f3 posso parabenizar a Prefeitura e a Funjope por um evento t\u00e3o acess\u00edvel\u201d, declara. <strong>\u00a0<\/strong><\/p>\n<figure class=\"wp-block-gallery has-nested-images columns-default is-cropped wp-block-gallery-3 is-layout-flex wp-block-gallery-is-layout-flex\">\n<figure class=\"wp-block-image size-large\"><\/figure>\n<\/figure>\n<p><strong>Casa da P\u00f3lvora \u2013 <\/strong>O projeto Circulador Cultural, realizado pela Funjope na Casa da P\u00f3lvora, localizada no Centro Hist\u00f3rico, teve sete edi\u00e7\u00f5es em 2023, reunindo 14 atra\u00e7\u00f5es que sempre conseguem atrair um grande p\u00fablico para o local. \u00a0 <\/p>\n<p>A funcion\u00e1ria p\u00fablica Juliana Barros observa que o Circulador Cultural apresenta para o p\u00fablico m\u00fasica alternativa e de qualidade. \u201cO melhor de tudo isso \u00e9 que o evento \u00e9 gratuito, aberto para todos que curtem a boa m\u00fasica e que gostam de apreciar a vista da Casa da P\u00f3lvora. Sempre que acontece o Circulador Cultural, estou por l\u00e1. Os shows s\u00e3o imperd\u00edveis\u201d, elogia. <\/p>\n<p>Entre os nomes que se apresentaram no projeto este ano est\u00e3o DJ Vinny Santos, \u00c9 o Luiz, Funkeria, DJ Mermaid, Myra Maia, DJ Dany Andrade, Clara Bione, Gatunas, DJ Misandri, Aboutthe Blues, Escurinho e Mamma Jazz. <strong>\u00a0<\/strong><\/p>\n<p><strong>Hotel Globo \u2013 <\/strong>Al\u00e9m de ser um belo cen\u00e1rio para acompanhar o p\u00f4r do sol, o Hotel Globo recebeu, este ano, algumas exposi\u00e7\u00f5es. Uma delas foi \u2018Multiplicidade Po\u00e9tica\u2019, que reuniu trabalhos dos artistas visuais Davi Queiroz, Denise Costa e Wilson Figueiredo. \u00a0 <\/p>\n<p>Tamb\u00e9m foi realizada a exposi\u00e7\u00e3o \u2018Temporis\u2019, do artista visual Alberto Lacet, com obras que mostraram a for\u00e7a e a beleza da pintura facial e corporal ind\u00edgena. A pintura do artista tamb\u00e9m \u00e9 uma mistura figurativa com abstra\u00e7\u00e3o desenvolvida em telas grandes. \u00a0 <\/p>\n<p>Em parceria com a Pinacoteca da Universidade Federal da Para\u00edba (UFPB), aconteceu a exposi\u00e7\u00e3o \u2018\u00d3leo Sobre o Marabordou\u2019, a quest\u00e3o da polui\u00e7\u00e3o na praia e os danos que isso causa ao meio ambiente. O trabalho foi resultado de um projeto de workshop com alunos do curso de Artes Visuais promovido pela Pinacoteca. \u00a0 <\/p>\n<p>Outra exposi\u00e7\u00e3o foi \u2018Identidade Afro\u2019, do artista multicultural Elioenai Gomes, que tem uma trajet\u00f3ria art\u00edstica de 38 anos. A mostra marcou o Dia Nacional da Consci\u00eancia Negra e, na abertura, contou com tambores e uma performance afro.<\/p>\n<\/p><\/div>\n","protected":false},"excerpt":{"rendered":"<p>Quarenta e cinco atra\u00e7\u00f5es passaram pelo palco do Sabadinho Bom em 2023, at\u00e9 a segunda semana de dezembro. O evento, realizado semanalmente pela Funda\u00e7\u00e3o Cultural de Jo\u00e3o Pessoa (Funjope), na Pra\u00e7a Rio Branco, busca valorizar os artistas locais, enfatizando o chorinho e o samba que, este ano, teve destaque em 13 edi\u00e7\u00f5es. Eventos no Hotel [&hellip;]<\/p>\n","protected":false},"author":1,"featured_media":0,"comment_status":"open","ping_status":"open","sticky":false,"template":"","format":"standard","meta":{"footnotes":""},"categories":[1],"tags":[],"class_list":["post-13833","post","type-post","status-publish","format-standard","hentry","category-noticias"],"amp_enabled":true,"_links":{"self":[{"href":"https:\/\/novasdodia.com.br\/index.php\/wp-json\/wp\/v2\/posts\/13833","targetHints":{"allow":["GET"]}}],"collection":[{"href":"https:\/\/novasdodia.com.br\/index.php\/wp-json\/wp\/v2\/posts"}],"about":[{"href":"https:\/\/novasdodia.com.br\/index.php\/wp-json\/wp\/v2\/types\/post"}],"author":[{"embeddable":true,"href":"https:\/\/novasdodia.com.br\/index.php\/wp-json\/wp\/v2\/users\/1"}],"replies":[{"embeddable":true,"href":"https:\/\/novasdodia.com.br\/index.php\/wp-json\/wp\/v2\/comments?post=13833"}],"version-history":[{"count":0,"href":"https:\/\/novasdodia.com.br\/index.php\/wp-json\/wp\/v2\/posts\/13833\/revisions"}],"wp:attachment":[{"href":"https:\/\/novasdodia.com.br\/index.php\/wp-json\/wp\/v2\/media?parent=13833"}],"wp:term":[{"taxonomy":"category","embeddable":true,"href":"https:\/\/novasdodia.com.br\/index.php\/wp-json\/wp\/v2\/categories?post=13833"},{"taxonomy":"post_tag","embeddable":true,"href":"https:\/\/novasdodia.com.br\/index.php\/wp-json\/wp\/v2\/tags?post=13833"}],"curies":[{"name":"wp","href":"https:\/\/api.w.org\/{rel}","templated":true}]}}