{"id":14009,"date":"2023-12-26T07:47:26","date_gmt":"2023-12-26T10:47:26","guid":{"rendered":"https:\/\/novasdodia.com.br\/index.php\/2023\/12\/26\/o-ano-em-que-ms-se-apropriou-discutiu-e-tracou-planos-para-decolar-na-economia-criativa-portal-do-governo-de-mato-grosso-do-sul\/"},"modified":"2023-12-26T07:47:26","modified_gmt":"2023-12-26T10:47:26","slug":"o-ano-em-que-ms-se-apropriou-discutiu-e-tracou-planos-para-decolar-na-economia-criativa-portal-do-governo-de-mato-grosso-do-sul","status":"publish","type":"post","link":"https:\/\/novasdodia.com.br\/index.php\/2023\/12\/26\/o-ano-em-que-ms-se-apropriou-discutiu-e-tracou-planos-para-decolar-na-economia-criativa-portal-do-governo-de-mato-grosso-do-sul\/","title":{"rendered":"o ano em que MS se apropriou, discutiu e tra\u00e7ou planos para decolar na Economia Criativa \u2013 Portal do Governo de Mato Grosso do Sul"},"content":{"rendered":"<p><\/p>\n<div>\n<blockquote>\n<p style=\"text-align: center;\"><em><span style=\"font-weight: 400;\">\u201c<\/span>A viagem n\u00e3o acaba nunca, \u00e9 preciso ver o que n\u00e3o foi visto, ver outra vez o que se viu j\u00e1. \u00c9 preciso voltar aos passos que foram dados, para repetir e para tra\u00e7ar caminhos novos ao lado deles. \u00c9 preciso recome\u00e7ar a viagem sempre<span style=\"font-weight: 400;\">\u201d<\/span>.<\/em><\/p>\n<\/blockquote>\n<p>\u00c9 com trechos da poesia de Jos\u00e9 Saramago que a retrospectiva de 2023 narra como foi tecida a economia criativa pelas oito regi\u00f5es de Mato Grosso do Sul ao longo do ano. Quando os criativos sul-mato-grossenses se apropriaram e discutiram o termo, o Estado viu nascer o <strong>MS + Criativo<\/strong>.<\/p>\n<h4>Afinal, o que \u00e9 Economia Criativa?<\/h4>\n<figure id=\"attachment_451580\" aria-describedby=\"caption-attachment-451580\" style=\"width: 1024px\" class=\"wp-caption aligncenter\"><figcaption id=\"caption-attachment-451580\" class=\"wp-caption-text\">Discuss\u00e3o saiu do gabinete para ir at\u00e9 as cidades de MS, apresentar conceito e ouvir criativos de todo o Estado. (Foto: Matheus Carvalho\/Setescc)<\/figcaption><\/figure>\n<figure id=\"attachment_440934\" aria-describedby=\"caption-attachment-440934\" style=\"width: 1024px\" class=\"wp-caption aligncenter\"><figcaption id=\"caption-attachment-440934\" class=\"wp-caption-text\">Kossi Ezou, da marca Ayele Tissu, expondo seu trabalho ilustra um dos exemplos de economia criativa. (Foto: Matheus Carvalho\/Setescc)<\/figcaption><\/figure>\n<p>Economia Criativa \u00e9 a jun\u00e7\u00e3o de tr\u00eas elementos: cultura, tecnologia e economia, tudo isso baseado na criatividade do talento humano. A partir desta tr\u00edade, o Governo do Estado de Mato Grosso do Sul criou, no primeiro semestre de 2023, a Superintend\u00eancia de Economia Criativa para fomentar a potencialidade do setor.<\/p>\n<p>Para alcan\u00e7ar os 79 munic\u00edpios de MS, a pasta ligada \u00e0 <strong>Setescc <\/strong>(Secretaria de Estado de Turismo, Esporte, Cultura e Cidadania), dividiu o Estado em oito regionais: Oeste, Sul, Fronteira, Norte, Centro, Oeste e Costa Leste, onde foram realizados os encontros ao lado dos parceiros Sebrae, Sesc, Sesi e Prefeituras Municipais.\u00a0<\/p>\n<p><span style=\"font-weight: 400;\">\u201c<\/span>O primeiro plano de economia criativa de um estado brasileiro, feito de forma colaborativa e compartilhada. Junto com isso, n\u00f3s realizamos o primeiro encontro estadual de economia criativa do Mato Grosso do Sul, e estamos encaminhando para a Assembleia Legislativa, um projeto de lei, para que esse plano estadual vire uma lei e possa ser cumprido e executado<span style=\"font-weight: 400;\">\u201d, resume o superintendente de Economia Criativa do Estado, D\u00e9cio Coutinho.<\/span><\/p>\n<h3><em>Pertencimento<\/em><\/h3>\n<figure id=\"attachment_458761\" aria-describedby=\"caption-attachment-458761\" style=\"width: 1024px\" class=\"wp-caption aligncenter\"><figcaption id=\"caption-attachment-458761\" class=\"wp-caption-text\">Encontro estadual apresentou plano MS + Criativo e contou com a participa\u00e7\u00e3o de personagens como Fernanda Reverdito. (Foto: \u00c1lvaro Rezende)<\/figcaption><\/figure>\n<p>Presente em toda a constru\u00e7\u00e3o do Plano Estadual, Fernanda Reverdito tem como quintal a Casa da Mem\u00f3ria Ra\u00edda, em Bonito. Dentro da pr\u00f3pria casa, a partir da garagem, foi que ela come\u00e7ou a juntar as hist\u00f3rias do munic\u00edpio fundado pelo seu tatarav\u00f4. Muito antes de ouvir falar em economia criativa, Fernanda j\u00e1 exercia o of\u00edcio, de reproduzir a ancestralidade de seu territ\u00f3rio.<\/p>\n<p><span style=\"font-weight: 400;\">\u201cSe encontrar\u201d na economia criativa foi consequ\u00eancia de seguir o cora\u00e7\u00e3o, quando l\u00e1 atr\u00e1s ela percebeu que era disso que gostava, de ouvir, saber e compartilhar hist\u00f3rias. <\/span><\/p>\n<p><span style=\"font-weight: 400;\">\u201cViajava, fui para a <\/span>Bahia, Minas, Goi\u00e1s, e eu ia nos pequenos roteiros, e ali eu eu via e me reconhecia nessas pessoas. Ent\u00e3o, eu acredito que j\u00e1 tem mais de 20 anos que eu sei um pouco daquilo que eu sou, por conta da mem\u00f3ria ancestral das pessoas. Acredito que quando a gente sabe da gente, a gente \u00e9 maior, a gente se inspira naquilo que a gente fala. Quando a gente n\u00e3o sabe da gente, \u00e9 como se a gente fosse s\u00f3 qualquer coisa. Ent\u00e3o, assim, um dos meus objetivos hoje \u00e9 fazer com que aquele lugar, com que a gente saiba de n\u00f3s, com que a gente saiba quem somos n\u00f3s dentro desse antigo Mato Grosso, quem somos n\u00f3s nessa fronteira do Brasil<span style=\"font-weight: 400;\">\u201d.<\/span><\/p>\n<h3><em>Criatividade<\/em><br \/><em>Prosperidade<\/em><br \/><em>Sustentabilidade<\/em><\/h3>\n<p><!--[if lt IE 9]><![endif]--><br \/>\n<audio class=\"wp-audio-shortcode\" id=\"audio-460843-1\" preload=\"none\" style=\"width: 100%;\" controls=\"controls\"><source type=\"audio\/mpeg\" src=\"https:\/\/agenciadenoticias.ms.gov.br\/wp-content\/uploads\/2023\/12\/WhatsApp-Audio-2023-12-22-at-14.23.34-online-audio-converter.com_.mp3?_=1\"\/>https:\/\/agenciadenoticias.ms.gov.br\/wp-content\/uploads\/2023\/12\/WhatsApp-Audio-2023-12-22-at-14.23.34-online-audio-converter.com_.mp3<\/audio><\/p>\n<p>Foi ouvindo as hist\u00f3rias das pessoas que a Superintend\u00eancia de Economia Criativa percorreu as oito regi\u00f5es do Estado n\u00e3o s\u00f3 uma, mas por duas vezes. Trajeto que envolveu bater \u00e0s portas, apresentar o conceito, e retornar para escutar e coletar demandas.<\/p>\n<p><span style=\"font-weight: 400;\">\u201c<\/span>Tudo isso foi feito com muita criatividade, pensando num desenvolvimento pr\u00f3spero, num desenvolvimento regenerativo e sustent\u00e1vel. E de que forma que a gente acredita que isso pode acontecer? Como o Manoel de Barros nos diz, \u00e9 preciso transver o mundo, ver o mundo com novas lentes, com um novo olhar, e quando o poeta nos provoca a fazer isso, \u00e9 justamente o que a gente trata quando a gente vai para a comunidade e busca esse olhar dessa comunidade para o que existe l\u00e1, para o que \u00e9 t\u00e3o importante no Mato Grosso do Sul<span style=\"font-weight: 400;\">\u201d, narra D\u00e9cio.<\/span><\/p>\n<p>Organizar e estruturar a economia criativa n\u00e3o \u00e9 s\u00f3 pensar em infraestruturas, mas principalmente nas pessoas para que os seus territ\u00f3rios possam ser criativos. <span style=\"font-weight: 400;\">\u201cO<\/span>nde a gente tenha uma plataforma f\u00edsica e digital, um repert\u00f3rio de criatividade e diversidade vis\u00edvel, porque hoje existe esse repert\u00f3rio, mas em muitos lugares ele \u00e9 invis\u00edvel, e que a gente possa, atrav\u00e9s do MS + Criativo, ter um lugar de agrega\u00e7\u00e3o de valores pelas pr\u00e1ticas locais<span style=\"font-weight: 400;\">\u201d, completa o superintendente.<\/span><\/p>\n<h4>Plano MS + Criativo<\/h4>\n<\/p>\n<p>Dividido em oito eixos: Gest\u00e3o + Criativa, Qualifica + Criativa, Financia + Criativa, Mercado + Criativo, Inova + Criativa, Criativo Legal, Ambiente + Criativo e Pantanal + Criativo &#8211; Bioce\u00e2nica + Criativa, o <strong>MS + Criativo<\/strong> foi constru\u00eddo a partir de levantamentos realizados nos oito encontros regionais. Em cada um dos eixos, \u00e9 descrito quais s\u00e3o a\u00e7\u00f5es propostas e quais grupos ser\u00e3o trabalhados.<\/p>\n<p>Apresentado no \u00faltimo dia 5 de dezembro, o Plano Estadual ser\u00e1 submetido \u00e0 aprova\u00e7\u00e3o Assembleia Legislativa, a meta \u00e9 de dobrar o PIB da Economia Criativa do Estado, que hoje \u00e9 de 0,8, e nos pr\u00f3ximos quatro anos transform\u00e1-lo em\u00a01,6.<\/p>\n<p>Para o superintendente D\u00e9cio Coutinho, a expectativa \u00e9 de que o plano seja um ambiente de criatividade e de inova\u00e7\u00e3o. <span style=\"font-weight: 400;\">\u201cS<\/span>aindo de um modelo de um egosistema para um ecossistema, com as suas alvoradas despertando para os territ\u00f3rios criativos, as nossas cantorias e partidas, o mapa da jornada, cortejo, visitas, casas, pousos, entregas e celebra\u00e7\u00f5es. Assim, \u00e9 o nosso giro criativo, que \u00e9 focado na participa\u00e7\u00e3o aberta e continuada, com muita intera\u00e7\u00e3o e muitas trocas, constituindo redes vivas e inteligentes<span style=\"font-weight: 400;\">\u201d<\/span>.\u00a0<\/p>\n<p>\u00a0<\/p>\n<p><em>Paula Maciulevicius, Comunica\u00e7\u00e3o Setescc<\/em><\/p>\n<\/div>\n","protected":false},"excerpt":{"rendered":"<p>\u201cA viagem n\u00e3o acaba nunca, \u00e9 preciso ver o que n\u00e3o foi visto, ver outra vez o que se viu j\u00e1. \u00c9 preciso voltar aos passos que foram dados, para repetir e para tra\u00e7ar caminhos novos ao lado deles. \u00c9 preciso recome\u00e7ar a viagem sempre\u201d. \u00c9 com trechos da poesia de Jos\u00e9 Saramago que a [&hellip;]<\/p>\n","protected":false},"author":1,"featured_media":0,"comment_status":"open","ping_status":"open","sticky":false,"template":"","format":"standard","meta":{"footnotes":""},"categories":[],"tags":[],"class_list":["post-14009","post","type-post","status-publish","format-standard","hentry"],"amp_enabled":true,"_links":{"self":[{"href":"https:\/\/novasdodia.com.br\/index.php\/wp-json\/wp\/v2\/posts\/14009","targetHints":{"allow":["GET"]}}],"collection":[{"href":"https:\/\/novasdodia.com.br\/index.php\/wp-json\/wp\/v2\/posts"}],"about":[{"href":"https:\/\/novasdodia.com.br\/index.php\/wp-json\/wp\/v2\/types\/post"}],"author":[{"embeddable":true,"href":"https:\/\/novasdodia.com.br\/index.php\/wp-json\/wp\/v2\/users\/1"}],"replies":[{"embeddable":true,"href":"https:\/\/novasdodia.com.br\/index.php\/wp-json\/wp\/v2\/comments?post=14009"}],"version-history":[{"count":0,"href":"https:\/\/novasdodia.com.br\/index.php\/wp-json\/wp\/v2\/posts\/14009\/revisions"}],"wp:attachment":[{"href":"https:\/\/novasdodia.com.br\/index.php\/wp-json\/wp\/v2\/media?parent=14009"}],"wp:term":[{"taxonomy":"category","embeddable":true,"href":"https:\/\/novasdodia.com.br\/index.php\/wp-json\/wp\/v2\/categories?post=14009"},{"taxonomy":"post_tag","embeddable":true,"href":"https:\/\/novasdodia.com.br\/index.php\/wp-json\/wp\/v2\/tags?post=14009"}],"curies":[{"name":"wp","href":"https:\/\/api.w.org\/{rel}","templated":true}]}}