{"id":14033,"date":"2023-12-26T14:38:12","date_gmt":"2023-12-26T17:38:12","guid":{"rendered":"https:\/\/novasdodia.com.br\/index.php\/2023\/12\/26\/eventos-levam-entretenimento-e-servicos-para-toda-a-cidade\/"},"modified":"2023-12-26T14:38:12","modified_gmt":"2023-12-26T17:38:12","slug":"eventos-levam-entretenimento-e-servicos-para-toda-a-cidade","status":"publish","type":"post","link":"https:\/\/novasdodia.com.br\/index.php\/2023\/12\/26\/eventos-levam-entretenimento-e-servicos-para-toda-a-cidade\/","title":{"rendered":"Eventos levam entretenimento e servi\u00e7os para toda a cidade"},"content":{"rendered":"<p><\/p>\n<div>\n<p><b>Lucas Brito<\/b><br \/>&#13;<br \/>\n&#13;<br \/>\n                <span style=\"font-weight: bold;\">Secretaria de Governan\u00e7a<\/span><\/p>\n<p><span style=\"font-weight: 400;\">Em 2023, a Prefeitura de S\u00e3o Jos\u00e9 dos Campos realizou diversos eventos gratuitos em todas as regi\u00f5es da cidade, <\/span><span style=\"font-weight: 400;\">promovendo entretenimento, cultura, lazer e presta\u00e7\u00e3o de servi\u00e7os aos cidad\u00e3os.\u00a0<\/span><\/p>\n<p><span style=\"font-weight: 400;\">A grande novidade do ano foi o programa Prefeitura Mais Perto de Voc\u00ea, que levou servi\u00e7os municipais at\u00e9 os bairros, sempre no primeiro s\u00e1bado \u00fatil de cada m\u00eas.\u00a0<\/span><span style=\"font-weight: 400;\">Com isso, o joseense ganhou a comodidade de ter \u00e0 disposi\u00e7\u00e3o servi\u00e7os essenciais bem perto de casa, sem a necessidade de grandes deslocamentos.<\/span><\/p>\n<p><span style=\"font-weight: 400;\">Ao longo de 10 edi\u00e7\u00f5es, o evento passou por quatro regi\u00f5es da cidade, sempre com alta participa\u00e7\u00e3o dos mun\u00edcipes.<\/span><\/p>\n<p><span style=\"font-weight: 400;\"><br \/><sub><em>Equipe de servidores atende a popula\u00e7\u00e3o durante os eventos | Foto: Adenir Britto\/PMSJC<\/em><\/sub><\/span><\/p>\n<p><span class=\"intertitulo\">Gest\u00e3o Aberta<\/span><\/p>\n<p><span style=\"font-weight: 400;\">Outro destaque deste ano foram os encontros da Gest\u00e3o Aberta, que reuniram representantes do governo com lideran\u00e7as, s\u00edndicos e empres\u00e1rios para ouvir a popula\u00e7\u00e3o sobre demandas espec\u00edficas e discutir novos projetos.\u00a0<\/span><\/p>\n<p><span style=\"font-weight: 400;\">Moradores das regi\u00f5es norte, leste, oeste, central, sul e sudeste participaram do evento, que tamb\u00e9m promoveu edi\u00e7\u00f5es exclusivas para mulheres empreendedoras, profissionais de beleza e est\u00e9tica, e membros de entidades sociais do munic\u00edpio.<\/span><\/p>\n<p><span style=\"font-weight: 400;\"><br \/><sub><em>Encontro para mulheres empreendedoras abriu espa\u00e7o\u00a0para as empres\u00e1rias\u00a0apresentarem sugest\u00f5es | Foto: Adenir Britto\/PMSJC<\/em><\/sub><\/span><\/p>\n<p><span class=\"intertitulo\">Festas do Trabalhador e da Bondade<\/span><\/p>\n<p><span style=\"font-weight: 400;\">A 43\u00aa Festa do Trabalhador superou as expectativas e recebeu mais de 10 mil pessoas para celebrar o Dia do Trabalho e o anivers\u00e1rio do Novo Horizonte, na regi\u00e3o leste da cidade, em 1\u00ba de maio.\u00a0<\/span><\/p>\n<p><span style=\"font-weight: 400;\">Foram distribu\u00eddas cerca de 2,2 toneladas de macarr\u00e3o \u00e0 bolonhesa, uma paix\u00e3o nacional e a principal atra\u00e7\u00e3o da festa, que ainda teve atividades recreativas para a garotada.<br \/><\/span><\/p>\n<p><span style=\"font-weight: 400;\"><br \/><sub><em>Popula\u00e7\u00e3o aprovou a macarronada | Foto: Claudio Vieira\/PMSJC<\/em><\/sub><\/span><\/p>\n<p><span style=\"font-weight: 400;\">J\u00e1 a tradicional Festa da Bondade, realizada pela Prefeitura h\u00e1 mais de 20 anos, movimentou a regi\u00e3o norte com comidas t\u00edpicas, m\u00fasica regional e artesanato no Parque da Cidade entre os dias 7 e 9 de julho.\u00a0<\/span><\/p>\n<p><span style=\"font-weight: 400;\">Al\u00e9m de comida boa, o p\u00fablico que prestigiou a Festa Julina da Bondade tamb\u00e9m ajudou as entidades sociais cadastradas no Fundo Social de Solidariedade.<\/span><\/p>\n<p><span style=\"font-weight: 400;\"><br \/><sub><em>Apresenta\u00e7\u00e3o da quadrilha &#8220;Maria Bonita e Lampi\u00e3o&#8221; animou a festa | Foto: Adenir Britto\/PMSJC<\/em><\/sub><\/span><\/p>\n<p><span class=\"intertitulo\">S\u00e3o Jos\u00e9 256 anos<\/span><\/p>\n<p><span style=\"font-weight: 400;\">Para comemorar os 256 anos de S\u00e3o Jos\u00e9 dos Campos em julho, a Prefeitura preparou uma extensa programa\u00e7\u00e3o, com um m\u00eas inteiro de atividades para toda a popula\u00e7\u00e3o.\u00a0<\/span><\/p>\n<p><span style=\"font-weight: 400;\">Na v\u00e9spera do anivers\u00e1rio, noite de 26 de julho, o Arco da Inova\u00e7\u00e3o deu um show de luzes nas cores da cidade (azul e amarela).<\/span><\/p>\n<p><span style=\"font-weight: 400;\"><br \/><sub><em>A atra\u00e7\u00e3o\u00a0especial aconteceu tamb\u00e9m no dia do anivers\u00e1rio | Foto: Adenir Britto\/PMSJC<\/em><\/sub><\/span><\/p>\n<p><span style=\"font-weight: 400;\">No dia 27, mais de 40 mil pessoas lotaram o Parque da Cidade para curtir v\u00e1rias atra\u00e7\u00f5es e op\u00e7\u00f5es de shows musicais com repert\u00f3rio diversificado, que garantiram a anima\u00e7\u00e3o de pessoas de todas as idades.\u00a0<\/span><\/p>\n<p><span style=\"font-weight: 400;\">Todo o fim de semana de anivers\u00e1rio foi recheado de op\u00e7\u00f5es de lazer e presentes para a popula\u00e7\u00e3o, como a entrega do P\u00e1tio do Museu, um novo espa\u00e7o cultural no centro da cidade, apresenta\u00e7\u00f5es da Orquestra Joseense e a Banda Cl\u00ednica Rock no Parque Vicentina Aranha, al\u00e9m do espet\u00e1culo da Esquadrilha da Fuma\u00e7a durante o evento Domingo A\u00e9reo, promovido pelo DCTA (Departamento de Ci\u00eancia e Tecnologia Aeroespacial).<\/span><\/p>\n<p><span style=\"font-weight: 400;\"><br \/><sub><em>Show a\u00e9reo\u00a0fechou as comemora\u00e7\u00f5es do anivers\u00e1rio de 256 anos de S\u00e3o Jos\u00e9 | Foto: Claudio Vieira\/PMSJC<\/em><\/sub><\/span><span style=\"font-weight: 400;\"\/><\/p>\n<p><span class=\"intertitulo\">Anivers\u00e1rios dos distritos\u00a0<\/span><\/p>\n<p><span style=\"font-weight: 400;\">Em agosto, foi a vez de assoprar as velinhas para os distritos de S\u00e3o Francisco Xavier e Eug\u00eanio de Melo, localizados na regi\u00e3o norte da cidade.<\/span><\/p>\n<p><span style=\"font-weight: 400;\">S\u00e3o Francisco Xavier completou 131 anos e as celebra\u00e7\u00f5es envolveram bolo de metro recheado com doce de leite, final de torneio de futebol e uma edi\u00e7\u00e3o especial do Conex\u00e3o Juventude na pra\u00e7a C\u00f4nego Ant\u00f4nio Manzi, centro do distrito.<\/span><\/p>\n<p><span style=\"font-weight: 400;\"><br \/><sub><em>Foram produzidas 40 formas de bolo com a doa\u00e7\u00e3o de ingredientes por moradores e comerciantes do distrito | Foto: Claudio Vieira\/PMSJC<\/em><\/sub><\/span><\/p>\n<p><span style=\"font-weight: 400;\">Eug\u00eanio de Melo comemorou seus 146 anos com o tradicional desfile c\u00edvico militar, no P\u00e1tio da Esta\u00e7\u00e3o, e muitos shows, brincadeiras para crian\u00e7as e servi\u00e7os gratuitos para a popula\u00e7\u00e3o durante o Conex\u00e3o Juventude.<\/span><\/p>\n<p><span style=\"font-weight: 400;\"><br \/><sub><em>45 entidades participaram do desfile | Foto: Claudio Vieira\/PMSJC<\/em><\/sub><\/span><\/p>\n<p><span class=\"intertitulo\">7 de Setembro<\/span><\/p>\n<p><span style=\"font-weight: 400;\">Cerca de 30 mil pessoas prestigiaram o desfile em comemora\u00e7\u00e3o ao Dia da Independ\u00eancia em S\u00e3o Jos\u00e9 dos Campos.\u00a0<\/span><span style=\"font-weight: 400;\">A solenidade, organizada pela Prefeitura, come\u00e7ou com o hasteamento de bandeiras na Orla do Banhado, que teve a presen\u00e7a de autoridades e convidados, al\u00e9m da Banda de Santana, que tocou o Hino Nacional.\u00a0<\/span><\/p>\n<p><span style=\"font-weight: 400;\">Em seguida, 34 grupos desfilaram pela Rua 15 de Novembro, que foi revitalizada ap\u00f3s as obras de melhorias. Ao todo, foram 8 mil participantes, entre militares, civis, estudantes e membros de entidades e \u00f3rg\u00e3os p\u00fablicos.\u00a0<\/span><\/p>\n<p><span style=\"font-weight: 400;\"><br \/><sub><em>Joseenses de todas as idades comemoraram a data nacional | Foto: Adenir Britto\/PMSJC<\/em><\/sub><\/span><\/p>\n<p><span class=\"intertitulo\">Dia das Crian\u00e7as<\/span><\/p>\n<p><span style=\"font-weight: 400;\">No dia 12 de outubro, muitas fam\u00edlias aproveitaram uma grande festa no Parque da Cidade em mais uma edi\u00e7\u00e3o do S\u00e3o Jos\u00e9 Crian\u00e7a.\u00a0<\/span><span style=\"font-weight: 400;\">As crian\u00e7as se divertiram em v\u00e1rios brinquedos infl\u00e1veis como: cama el\u00e1stica, tobog\u00e3 com piscina de bolinhas, pula-pula, boliche humano, mete gol, touro mec\u00e2nico, futebol de sab\u00e3o e muito mais.<\/span><\/p>\n<p><span style=\"font-weight: 400;\">Neste ano, al\u00e9m da distribui\u00e7\u00e3o de pipoca e algod\u00e3o-doce, a garotada tamb\u00e9m se refrescou com picol\u00e9s \u00e0 vontade. Outras novidades foram as tendas de games, realidade virtual, caricatura, corte de cabelo e cabeleireiro maluco.<\/span><\/p>\n<p><span style=\"font-weight: 400;\"><br \/><sub><em>Fam\u00edlias curtiram o dia pra valer com brincadeiras e at\u00e9 piquenique no Parque | Foto: Claudio Vieira\/PMSJC<\/em><\/sub><\/span><\/p>\n<p><span class=\"intertitulo\">Natal Iluminado<\/span><\/p>\n<p><span style=\"font-weight: 400;\">Para fechar o ano, o Natal Iluminado contagiou a cidade com o clima das festas em dezembro.\u00a0<\/span><span style=\"font-weight: 400;\">As atividades come\u00e7aram com a chegada radical do Papai Noel: o bom velhinho desceu de rapel na fachada do Shopping Centro, em grande estilo, divertindo o p\u00fablico que compareceu em peso para conferir de perto a atra\u00e7\u00e3o.<\/span><\/p>\n<p><span style=\"font-weight: 400;\"><br \/><sub><em>Papai Noel aventureiro chamou aten\u00e7\u00e3o e parou o centro da cidade | Foto: Claudio Vieira\/PMSJC<\/em><\/sub><\/span><span style=\"font-weight: 400;\"\/><\/p>\n<p><span style=\"font-weight: 400;\">A programa\u00e7\u00e3o se concentrou no cora\u00e7\u00e3o da cidade, com apresenta\u00e7\u00f5es de corais, dan\u00e7a e m\u00fasica no palco instalado na pra\u00e7a Afonso Pena, que ficou decorada com \u00e1rvores e arcos luminosos.\u00a0<\/span><span style=\"font-weight: 400;\">Quem passou pelo local p\u00f4de prestigiar duas feiras \u2013 a gastron\u00f4mica, organizada por entidades sociais, e a de artesanato de Natal, com venda de presentes feitos por artes\u00e3os locais.<\/span><\/p>\n<p><span style=\"font-weight: 400;\">E para espalhar a magia natalina por todas as regi\u00f5es, <\/span><span style=\"font-weight: 400;\">as t\u00e3o queridas Caravanas de Natal levaram os \u00f4nibus especiais decorados com LED para os bairros, com sa\u00eddas extras para que mais pessoas consigam participar.<\/span><span style=\"font-weight: 400;\"\/><\/p>\n<p><span style=\"font-weight: 400;\"><br \/><sub><em>Caravanas sempre fazem sucesso com a popula\u00e7\u00e3o | Foto: Claudio Vieira\/PMSJC<\/em><\/sub><\/span><\/p>\n<p>&#13;<br \/>\n                        <strong>MAIS NOT\u00cdCIAS<\/strong><br \/>&#13;<br \/>\n                        Secretaria de Governan\u00e7a&#13;\n                    <\/p>\n<\/p><\/div>\n","protected":false},"excerpt":{"rendered":"<p>Lucas Brito&#13; &#13; Secretaria de Governan\u00e7a Em 2023, a Prefeitura de S\u00e3o Jos\u00e9 dos Campos realizou diversos eventos gratuitos em todas as regi\u00f5es da cidade, promovendo entretenimento, cultura, lazer e presta\u00e7\u00e3o de servi\u00e7os aos cidad\u00e3os.\u00a0 A grande novidade do ano foi o programa Prefeitura Mais Perto de Voc\u00ea, que levou servi\u00e7os municipais at\u00e9 os bairros, [&hellip;]<\/p>\n","protected":false},"author":1,"featured_media":0,"comment_status":"open","ping_status":"open","sticky":false,"template":"","format":"standard","meta":{"footnotes":""},"categories":[1],"tags":[],"class_list":["post-14033","post","type-post","status-publish","format-standard","hentry","category-noticias"],"amp_enabled":true,"_links":{"self":[{"href":"https:\/\/novasdodia.com.br\/index.php\/wp-json\/wp\/v2\/posts\/14033","targetHints":{"allow":["GET"]}}],"collection":[{"href":"https:\/\/novasdodia.com.br\/index.php\/wp-json\/wp\/v2\/posts"}],"about":[{"href":"https:\/\/novasdodia.com.br\/index.php\/wp-json\/wp\/v2\/types\/post"}],"author":[{"embeddable":true,"href":"https:\/\/novasdodia.com.br\/index.php\/wp-json\/wp\/v2\/users\/1"}],"replies":[{"embeddable":true,"href":"https:\/\/novasdodia.com.br\/index.php\/wp-json\/wp\/v2\/comments?post=14033"}],"version-history":[{"count":0,"href":"https:\/\/novasdodia.com.br\/index.php\/wp-json\/wp\/v2\/posts\/14033\/revisions"}],"wp:attachment":[{"href":"https:\/\/novasdodia.com.br\/index.php\/wp-json\/wp\/v2\/media?parent=14033"}],"wp:term":[{"taxonomy":"category","embeddable":true,"href":"https:\/\/novasdodia.com.br\/index.php\/wp-json\/wp\/v2\/categories?post=14033"},{"taxonomy":"post_tag","embeddable":true,"href":"https:\/\/novasdodia.com.br\/index.php\/wp-json\/wp\/v2\/tags?post=14033"}],"curies":[{"name":"wp","href":"https:\/\/api.w.org\/{rel}","templated":true}]}}