{"id":14055,"date":"2023-12-26T22:22:01","date_gmt":"2023-12-27T01:22:01","guid":{"rendered":"https:\/\/novasdodia.com.br\/index.php\/2023\/12\/26\/entorno-do-maracana-tera-interdicoes-para-o-jogo-das-estrelas-prefeitura-da-cidade-do-rio-de-janeiro\/"},"modified":"2023-12-26T22:22:01","modified_gmt":"2023-12-27T01:22:01","slug":"entorno-do-maracana-tera-interdicoes-para-o-jogo-das-estrelas-prefeitura-da-cidade-do-rio-de-janeiro","status":"publish","type":"post","link":"https:\/\/novasdodia.com.br\/index.php\/2023\/12\/26\/entorno-do-maracana-tera-interdicoes-para-o-jogo-das-estrelas-prefeitura-da-cidade-do-rio-de-janeiro\/","title":{"rendered":"Entorno do Maracan\u00e3 ter\u00e1 interdi\u00e7\u00f5es para o Jogo das Estrelas &#8211; Prefeitura da Cidade do Rio de Janeiro"},"content":{"rendered":"<p><\/p>\n<div id=\"main\">\n<div class=\"wrapper-breadcrumbs\" wp_automatic_readability=\"60.313539192399\">\n<div class=\"image-post\" wp_automatic_readability=\"32\">\n                     Entorno do Maracan\u00e3 ter\u00e1 um esquema especial de tr\u00e2nsito &#8211; Arquivo\/Prefeitura do Rio                  <\/div>\n<p>A CET-Rio montou um esquema especial de tr\u00e1fego para o Jogo das Estrelas, nesta quarta-feira (27\/12), \u00e0s 20h30, no Maracan\u00e3. Para atender ao evento, diversas vias no entorno do est\u00e1dio ser\u00e3o interditadas:<\/p>\n<p><strong>Das 17h at\u00e9 meia-noite:<\/strong><br \/>\u2013 Duas faixas da Av. Rei Pel\u00e9, sentido Centro, entre a Av. Prof. Manoel de Abreu e o Museu do \u00cdndio<\/p>\n<p><strong>Das 21h30 at\u00e9 meia-noite:<\/strong><br \/>\u2013 Rua Prof. Eurico Rabelo<br \/>\u2013 Rua Visconde de Itamarati, entre as ruas S\u00e3o Francisco Xavier e Prof. Eurico Rabelo<br \/>\u2013 Rua Isidro de Figueiredo<br \/>\u2013 Rua Conselheiro Oleg\u00e1rio<br \/>\u2013 Rua Artur Menezes<br \/>\u2013 Rua Mata Machado, entre a Av. Paula Sousa e a Av. Maracan\u00e3<br \/>\u2013 Av. Maracan\u00e3, em ambos os sentidos, entre a Rua S\u00e3o Francisco Xavier e a Av. Rei Pel\u00e9<br \/>\u2013 Viaduto Oduvaldo Cozzi, nos acessos \u00e0 Avenida Maracan\u00e3<br \/>\u2013 Av. Professor Manoel de Abreu, pista sentido Centro, entre a Rua S\u00e3o Francisco Xavier e a Av. Rei Pel\u00e9<br \/>\u2013 Rua Dona Zulmira, entre a Av. Professor Manoel de Abreu e a Rua S\u00e3o Francisco Xavier<\/p>\n<\/p>\n<p>As condi\u00e7\u00f5es do tr\u00e2nsito ser\u00e3o monitoradas quanto a eventuais impactos, e os tempos semaf\u00f3ricos ser\u00e3o ajustados para melhorar a fluidez nas rotas alternativas e nos principais corredores de tr\u00e1fego da regi\u00e3o. A opera\u00e7\u00e3o de tr\u00e2nsito contar\u00e1 com 55 pessoas, entre agentes da CET-Rio e contratados, oito ve\u00edculos operacionais e dez motocicletas. Tamb\u00e9m ser\u00e3o utilizados sete pain\u00e9is de mensagens vari\u00e1veis que informar\u00e3o sobre os hor\u00e1rios dos fechamentos e as rotas alternativas.<\/p>\n<p><strong>Rotas Alternativas<\/strong><\/p>\n<p><em>Provenientes do Centro e Zona Sul<\/em><br \/>\u2013 Para a Tijuca: utilizar a rota da Av. Paulo de Frontin e Rua Dr. Satamini ou seguir pela Pra\u00e7a da Bandeira, Rua Par\u00e1 \/ Rua Para\u00edba e Rua Mariz e Barros<br \/>\u2013 Para Vila Isabel e Graja\u00fa: utilizar rotas acima e em seguida Rua Major \u00c1vila e Rua Felipe Camar\u00e3o<br \/>\u2013 Para a regi\u00e3o do Grande M\u00e9ier: utilizar a rota da Rua Visconde de Niter\u00f3i<\/p>\n<p><em>Provenientes da Tijuca, Graja\u00fa, Vila Isabel e entorno<\/em><br \/>\u2013 Para o Centro e a Zona Sul: utilizar a rota da Rua Conde de Bonfim \u2013 Rua Haddock Lobo<\/p>\n<p><em>Provenientes do Grande M\u00e9ier<\/em><br \/>\u2013 Para o Centro e a Zona Sul: utilizar a rota da Rua Visconde de Niter\u00f3i<\/p>\n<p><strong>Moradores do entorno<\/strong><\/p>\n<p>O acesso de ve\u00edculos de moradores do entorno imediato ao Maracan\u00e3 (ruas Prof. Eurico Rabelo, Visconde de Itamarati, Isidro de Figueiredo, Artur Menezes e Conselheiro Oleg\u00e1rio) ser\u00e1 feito, exclusivamente, pela Av. Paula Sousa e a Rua Prof. Eurico Rabelo, mediante apresenta\u00e7\u00e3o de comprovante de resid\u00eancia.<\/p>\n<\/p>\n<p><strong>Recomenda\u00e7\u00e3o<\/strong><\/p>\n<p>\u00c9 recomendado aos motoristas que evitem passar pela regi\u00e3o nos hor\u00e1rios das interdi\u00e7\u00f5es, procurando antecipar o hor\u00e1rio de seus deslocamentos ou utilizar as rotas alternativas.<\/p>\n<p>             <!-- Compartilhe ---><\/p>\n<p>\t\t\t <!-- TAGS --><\/p>\n<section class=\"category-tags\">\n<div class=\"marcacao-category\">\n<article class=\"category-post\">\n<p>Categoria: <\/p>\n<\/article>\n<li>26 de dezembro de 2023<\/li><\/div>\n<article class=\"tags\">\n\t\t\t\t\tMarca\u00e7\u00f5es: CET-Rio interdi\u00e7\u00f5es Jogo das Estrelas Maracan\u00e3 tr\u00e2nsito<br \/><\/article>\n<\/section>\n<p>            <!-- Mais Not&iacute;cias --><\/p>\n<p>\t\t<!-- Conte&uacute;do SIDEBAR --><\/p><\/div>\n<\/p><\/div>\n","protected":false},"excerpt":{"rendered":"<p>Entorno do Maracan\u00e3 ter\u00e1 um esquema especial de tr\u00e2nsito &#8211; Arquivo\/Prefeitura do Rio A CET-Rio montou um esquema especial de tr\u00e1fego para o Jogo das Estrelas, nesta quarta-feira (27\/12), \u00e0s 20h30, no Maracan\u00e3. Para atender ao evento, diversas vias no entorno do est\u00e1dio ser\u00e3o interditadas: Das 17h at\u00e9 meia-noite:\u2013 Duas faixas da Av. Rei Pel\u00e9, [&hellip;]<\/p>\n","protected":false},"author":1,"featured_media":0,"comment_status":"open","ping_status":"open","sticky":false,"template":"","format":"standard","meta":{"footnotes":""},"categories":[1],"tags":[],"class_list":["post-14055","post","type-post","status-publish","format-standard","hentry","category-noticias"],"amp_enabled":true,"_links":{"self":[{"href":"https:\/\/novasdodia.com.br\/index.php\/wp-json\/wp\/v2\/posts\/14055","targetHints":{"allow":["GET"]}}],"collection":[{"href":"https:\/\/novasdodia.com.br\/index.php\/wp-json\/wp\/v2\/posts"}],"about":[{"href":"https:\/\/novasdodia.com.br\/index.php\/wp-json\/wp\/v2\/types\/post"}],"author":[{"embeddable":true,"href":"https:\/\/novasdodia.com.br\/index.php\/wp-json\/wp\/v2\/users\/1"}],"replies":[{"embeddable":true,"href":"https:\/\/novasdodia.com.br\/index.php\/wp-json\/wp\/v2\/comments?post=14055"}],"version-history":[{"count":0,"href":"https:\/\/novasdodia.com.br\/index.php\/wp-json\/wp\/v2\/posts\/14055\/revisions"}],"wp:attachment":[{"href":"https:\/\/novasdodia.com.br\/index.php\/wp-json\/wp\/v2\/media?parent=14055"}],"wp:term":[{"taxonomy":"category","embeddable":true,"href":"https:\/\/novasdodia.com.br\/index.php\/wp-json\/wp\/v2\/categories?post=14055"},{"taxonomy":"post_tag","embeddable":true,"href":"https:\/\/novasdodia.com.br\/index.php\/wp-json\/wp\/v2\/tags?post=14055"}],"curies":[{"name":"wp","href":"https:\/\/api.w.org\/{rel}","templated":true}]}}