{"id":14637,"date":"2024-01-03T21:54:58","date_gmt":"2024-01-04T00:54:58","guid":{"rendered":"https:\/\/novasdodia.com.br\/index.php\/2024\/01\/03\/projeto-verao-inicia-o-ano-com-lazer-e-diversao-para-a-familia\/"},"modified":"2024-01-03T21:54:58","modified_gmt":"2024-01-04T00:54:58","slug":"projeto-verao-inicia-o-ano-com-lazer-e-diversao-para-a-familia","status":"publish","type":"post","link":"https:\/\/novasdodia.com.br\/index.php\/2024\/01\/03\/projeto-verao-inicia-o-ano-com-lazer-e-diversao-para-a-familia\/","title":{"rendered":"Projeto Ver\u00e3o inicia o ano com lazer e divers\u00e3o para a fam\u00edlia"},"content":{"rendered":"<p><\/p>\n<div>\n<p><b>Lucas Lemes<\/b><br \/>&#13;<br \/>\n&#13;<br \/>\n                <span style=\"font-weight: bold;\">Secretaria de Esporte e Qualidade de Vida<\/span><\/p>\n<p>A Prefeitura de S\u00e3o Jos\u00e9 dos Campos continua com as atividades do Projeto Ver\u00e3o no in\u00edcio deste ano. At\u00e9 dia 14 (domingo), as piscinas p\u00fablicas da cidade estar\u00e3o abertas todos os dias para a popula\u00e7\u00e3o se refrescar e aproveitar com toda a fam\u00edlia.<\/p>\n<p>Na tarde ensolarada desta ter\u00e7a-feira (2), a piscina do poliesportivo Jo\u00e3o do Pulo (regi\u00e3o sul) estava perfeita para um dia de lazer e contou com a presen\u00e7a de bom p\u00fablico.<\/p>\n<p>Como \u00e9 o caso de Nicolas Miranda, de 23 anos, que levou a esposa, Rafaela, e as meninas, Elo\u00e1 e Verinha para curtirem uma tarde na piscina.<\/p>\n<p>\u201cMoro aqui h\u00e1 3 anos e a gente sempre costuma aproveitar o Projeto Ver\u00e3o no Poliesportivo. \u00c9 muito bom trazer as crian\u00e7as, poder estar com elas para se divertirem na piscina e sair um pouco da rotina. Principalmente em plena ter\u00e7a-feira, com sol, fica ainda melhor.\u201d<\/p>\n<p>A partir do dia 15, as atividades seguem apenas nos fins de semana e feriados.<\/p>\n<p>\u00a0<\/p>\n<\/p>\n<p><span class=\"intertitulo\">Inscri\u00e7\u00e3o<\/span><\/p>\n<p>As pessoas que desejam participar precisam se inscrever pelo aplicativo S\u00e3o Jos\u00e9 Viva. As inscri\u00e7\u00f5es ficar\u00e3o abertas durante todo o Projeto Ver\u00e3o, que termina no dia 31 de mar\u00e7o.<\/p>\n<p>\u00a0<\/p>\n<p><span class=\"intertitulo\"><\/span><\/p>\n<p><span class=\"intertitulo\">Seguran\u00e7a<\/span><\/p>\n<p>As piscinas contam com monitores e guarda-vidas. Podem participar pessoas de ambos os sexos, de todas as idades. De acordo com o regulamento do Projeto Ver\u00e3o, crian\u00e7as de 0 a 6 anos devem estar acompanhadas de seus respons\u00e1veis na \u00e1gua; entre 7 e 11 anos, o respons\u00e1vel deve estar no local da atividade e, acima de 12 anos, o respons\u00e1vel deve assinar uma autoriza\u00e7\u00e3o.<\/p>\n<p>O traje exigido para uso nas piscinas \u00e9 sunga ou short tactel com sunga por baixo para os homens e, para as mulheres, mai\u00f4 ou biqu\u00edni. \u00c9 permitida a utiliza\u00e7\u00e3o de camisetas com prote\u00e7\u00e3o UV. N\u00e3o \u00e9 permitido o uso de \u00f3leos bronzeadores ou cremes capilares, apenas protetores solar.<\/p>\n<p>\u00a0<\/p>\n<p><span class=\"intertitulo\"><\/span><\/p>\n<p><span class=\"intertitulo\">Hor\u00e1rios<\/span><\/p>\n<p><strong>At\u00e9 14\/01 (diariamente)<br \/><\/strong>De segunda a sexta-feira, das 12h \u00e0s 18h.<br \/>S\u00e1bados, domingos e feriados, das 10h \u00e0s 12h e das 13h \u00e0s 18h.<\/p>\n<p><strong>A partir de 15\/01, at\u00e9 31\/03 (Fins de semana e feriados)<\/strong><br \/>Das 10h \u00e0s 12h e das 13h \u00e0s 18h.<\/p>\n<p><span class=\"intertitulo\">12 piscinas abertas no Projeto Ver\u00e3o<\/span><\/p>\n<ul>&#13;<\/p>\n<li><strong>Centro Comunit\u00e1rio Alto da Ponte<\/strong> \u2013 Rua Alziro Lebr\u00e3o, s\/n, Alto da Ponte<\/li>\n<p>&#13;<\/p>\n<li><strong>Poliesportivo Altos de Santana<\/strong> \u2013 Avenida Alto do Rio Doce, 801, Altos de Santana<\/li>\n<p>&#13;<\/p>\n<li><strong>Poliesportivo Eug\u00eanio de Melo<\/strong> \u2013 Rua Ambr\u00f3sio Molina, 370, Eug\u00eanio de Melo<\/li>\n<p>&#13;<\/p>\n<li><strong>Poliesportivo Jardim Cerejeiras<\/strong> \u2013 Rua 23 de Dezembro, 400, Jardim Cerejeiras<\/li>\n<p>&#13;<\/p>\n<li><strong>Jardim da Granja<\/strong> \u2013 Emef Prof\u00aa Maria Nazareth de Moura Veroneze (Pra\u00e7a Columba, 45 &#8211; Jardim da Granja)<\/li>\n<p>&#13;<\/p>\n<li><strong>Poliesportivo Jardim Morumbi<\/strong> \u2013 Avenida Eliane Barbiere, 180, Jardim Morumbi<\/li>\n<p>&#13;<\/p>\n<li><strong>Poliesportivo Jo\u00e3o do Pulo<\/strong> \u2013 Avenida Perseu, 180, Jardim Sat\u00e9lite<\/li>\n<p>&#13;<\/p>\n<li><strong>Poliesportivo S\u00e3o Judas Tadeu<\/strong> \u2013 Avenida S\u00e3o Jer\u00f4nimo, 706, Jardim S\u00e3o Judas Tadeu<\/li>\n<p>&#13;<\/p>\n<li><strong>Centro Esportivo Vila Let\u00f4nia<\/strong> \u2013 Rua Roseira, 11, Vila Let\u00f4nia<\/li>\n<p>&#13;<\/p>\n<li><strong>Poliesportivo Vila Tesouro<\/strong> \u2013 Rua Bento Pinto da Cunha, 381, Jardim Copacabana<\/li>\n<p>&#13;<\/p>\n<li><strong>Centro Comunit\u00e1rio Vila Industrial<\/strong> \u2013 Pra\u00e7a Jos\u00e9 Molina, s\/n, Vila Industrial<\/li>\n<p>&#13;<\/p>\n<li><strong>Piscina Parque Industrial<\/strong> \u2013 Rua Goi\u00e2nia 225, Parque Industrial<\/li>\n<p>&#13;\n<\/ul>\n<p>&#13;<br \/>\n                        <strong>MAIS NOT\u00cdCIAS<\/strong><br \/>&#13;<br \/>\n                        Secretaria de Esporte e Qualidade de Vida&#13;\n                    <\/p>\n<\/p><\/div>\n","protected":false},"excerpt":{"rendered":"<p>Lucas Lemes&#13; &#13; Secretaria de Esporte e Qualidade de Vida A Prefeitura de S\u00e3o Jos\u00e9 dos Campos continua com as atividades do Projeto Ver\u00e3o no in\u00edcio deste ano. At\u00e9 dia 14 (domingo), as piscinas p\u00fablicas da cidade estar\u00e3o abertas todos os dias para a popula\u00e7\u00e3o se refrescar e aproveitar com toda a fam\u00edlia. Na tarde [&hellip;]<\/p>\n","protected":false},"author":1,"featured_media":0,"comment_status":"open","ping_status":"open","sticky":false,"template":"","format":"standard","meta":{"footnotes":""},"categories":[1],"tags":[],"class_list":["post-14637","post","type-post","status-publish","format-standard","hentry","category-noticias"],"amp_enabled":true,"_links":{"self":[{"href":"https:\/\/novasdodia.com.br\/index.php\/wp-json\/wp\/v2\/posts\/14637","targetHints":{"allow":["GET"]}}],"collection":[{"href":"https:\/\/novasdodia.com.br\/index.php\/wp-json\/wp\/v2\/posts"}],"about":[{"href":"https:\/\/novasdodia.com.br\/index.php\/wp-json\/wp\/v2\/types\/post"}],"author":[{"embeddable":true,"href":"https:\/\/novasdodia.com.br\/index.php\/wp-json\/wp\/v2\/users\/1"}],"replies":[{"embeddable":true,"href":"https:\/\/novasdodia.com.br\/index.php\/wp-json\/wp\/v2\/comments?post=14637"}],"version-history":[{"count":0,"href":"https:\/\/novasdodia.com.br\/index.php\/wp-json\/wp\/v2\/posts\/14637\/revisions"}],"wp:attachment":[{"href":"https:\/\/novasdodia.com.br\/index.php\/wp-json\/wp\/v2\/media?parent=14637"}],"wp:term":[{"taxonomy":"category","embeddable":true,"href":"https:\/\/novasdodia.com.br\/index.php\/wp-json\/wp\/v2\/categories?post=14637"},{"taxonomy":"post_tag","embeddable":true,"href":"https:\/\/novasdodia.com.br\/index.php\/wp-json\/wp\/v2\/tags?post=14637"}],"curies":[{"name":"wp","href":"https:\/\/api.w.org\/{rel}","templated":true}]}}