{"id":14681,"date":"2024-01-04T11:16:56","date_gmt":"2024-01-04T14:16:56","guid":{"rendered":"https:\/\/novasdodia.com.br\/index.php\/2024\/01\/04\/prefeitura-de-campo-grande-convoca-199-assistentes-de-educacao-infantil-cgnoticias\/"},"modified":"2024-01-04T11:16:56","modified_gmt":"2024-01-04T14:16:56","slug":"prefeitura-de-campo-grande-convoca-199-assistentes-de-educacao-infantil-cgnoticias","status":"publish","type":"post","link":"https:\/\/novasdodia.com.br\/index.php\/2024\/01\/04\/prefeitura-de-campo-grande-convoca-199-assistentes-de-educacao-infantil-cgnoticias\/","title":{"rendered":"Prefeitura de Campo Grande convoca 199 assistentes de educa\u00e7\u00e3o infantil \u2013 CGNot\u00edcias"},"content":{"rendered":"<p><\/p>\n<div>\n<p style=\"font-weight: 400\">A Prefeitura de Campo Grande, atrav\u00e9s da Secretaria Municipal de Educa\u00e7\u00e3o (Semed), convoca 199 aprovados no processo seletivo de assistente de educa\u00e7\u00e3o infantil, para sele\u00e7\u00e3o e contrata\u00e7\u00e3o, conforme publica\u00e7\u00e3o do edital de n\u00famero 11\/2023-10, feito nesta quinta-feira (4), no Di\u00e1rio Oficial (Diogrande).<\/p>\n<p style=\"font-weight: 400\">De acordo com a publica\u00e7\u00e3o, a contrata\u00e7\u00e3o \u00e9 para substituir vac\u00e2ncias e, portanto, n\u00e3o haver\u00e1 aumento de despesas com pessoal.<\/p>\n<p style=\"font-weight: 400\">Assim, os convocados devem comparecer no dia 8 de janeiro, pr\u00f3xima segunda-feira, no Espa\u00e7o de Forma\u00e7\u00e3o L\u00fadio Martins Coelho, localizado na rua Onicieto Severo Monteiro, n. 460 \u2013 Vila Margarida, na Semed.<\/p>\n<p style=\"font-weight: 400\">Eles receber\u00e3o orienta\u00e7\u00e3o sobre a documenta\u00e7\u00e3o a ser entregue para o preenchimento da vaga e efetiva\u00e7\u00e3o do procedimento de contrata\u00e7\u00e3o.<\/p>\n<p style=\"font-weight: 400\">Para conferir a lista, basta acessar a p\u00e1gina 2 do Diogrande, atrav\u00e9s do link: https:\/\/diogrande.campogrande.ms.gov.br\/download_edicao\/eyJjb2RpZ29kaWEiOiI5MDA0In0%3D.pdf<\/p>\n<\/div>\n<p><script async defer async defer src=\"https:\/\/connect.facebook.net\/en_US\/sdk.js?ver=1#xfbml=1&#038;version=v3.2\" id='prefeitura-campogrande-script-facebook-sdk-js'><\/script><\/p>\n","protected":false},"excerpt":{"rendered":"<p>A Prefeitura de Campo Grande, atrav\u00e9s da Secretaria Municipal de Educa\u00e7\u00e3o (Semed), convoca 199 aprovados no processo seletivo de assistente de educa\u00e7\u00e3o infantil, para sele\u00e7\u00e3o e contrata\u00e7\u00e3o, conforme publica\u00e7\u00e3o do edital de n\u00famero 11\/2023-10, feito nesta quinta-feira (4), no Di\u00e1rio Oficial (Diogrande). De acordo com a publica\u00e7\u00e3o, a contrata\u00e7\u00e3o \u00e9 para substituir vac\u00e2ncias e, portanto, [&hellip;]<\/p>\n","protected":false},"author":1,"featured_media":0,"comment_status":"open","ping_status":"open","sticky":false,"template":"","format":"standard","meta":{"footnotes":""},"categories":[],"tags":[],"class_list":["post-14681","post","type-post","status-publish","format-standard","hentry"],"amp_enabled":true,"_links":{"self":[{"href":"https:\/\/novasdodia.com.br\/index.php\/wp-json\/wp\/v2\/posts\/14681","targetHints":{"allow":["GET"]}}],"collection":[{"href":"https:\/\/novasdodia.com.br\/index.php\/wp-json\/wp\/v2\/posts"}],"about":[{"href":"https:\/\/novasdodia.com.br\/index.php\/wp-json\/wp\/v2\/types\/post"}],"author":[{"embeddable":true,"href":"https:\/\/novasdodia.com.br\/index.php\/wp-json\/wp\/v2\/users\/1"}],"replies":[{"embeddable":true,"href":"https:\/\/novasdodia.com.br\/index.php\/wp-json\/wp\/v2\/comments?post=14681"}],"version-history":[{"count":0,"href":"https:\/\/novasdodia.com.br\/index.php\/wp-json\/wp\/v2\/posts\/14681\/revisions"}],"wp:attachment":[{"href":"https:\/\/novasdodia.com.br\/index.php\/wp-json\/wp\/v2\/media?parent=14681"}],"wp:term":[{"taxonomy":"category","embeddable":true,"href":"https:\/\/novasdodia.com.br\/index.php\/wp-json\/wp\/v2\/categories?post=14681"},{"taxonomy":"post_tag","embeddable":true,"href":"https:\/\/novasdodia.com.br\/index.php\/wp-json\/wp\/v2\/tags?post=14681"}],"curies":[{"name":"wp","href":"https:\/\/api.w.org\/{rel}","templated":true}]}}