{"id":14702,"date":"2024-01-04T18:13:16","date_gmt":"2024-01-04T21:13:16","guid":{"rendered":"https:\/\/novasdodia.com.br\/index.php\/2024\/01\/04\/fenig-abre-inscricoes-para-a-segunda-edicao-do-premio-antonio-fraga\/"},"modified":"2024-01-04T18:13:16","modified_gmt":"2024-01-04T21:13:16","slug":"fenig-abre-inscricoes-para-a-segunda-edicao-do-premio-antonio-fraga","status":"publish","type":"post","link":"https:\/\/novasdodia.com.br\/index.php\/2024\/01\/04\/fenig-abre-inscricoes-para-a-segunda-edicao-do-premio-antonio-fraga\/","title":{"rendered":"Fenig abre inscri\u00e7\u00f5es para a segunda edi\u00e7\u00e3o do Pr\u00eamio Ant\u00f4nio Fraga"},"content":{"rendered":"<p><\/p>\n<div id=\"post_30543\">\n<header>\n<h2>Fenig abre inscri\u00e7\u00f5es para a segunda edi\u00e7\u00e3o do Pr\u00eamio Ant\u00f4nio Fraga<\/h2>\n<h4>\n                <em><br \/>\n                    <time class=\"text-muted\" datetime=\"03-01-2024\">03 de janeiro de 2024<\/time><br \/>\n                <\/em><br \/>\n            <\/h4>\n<\/header>\n<section>\n<p style=\"font-weight: 400;\">A segunda edi\u00e7\u00e3o do Pr\u00eamio Ant\u00f4nio Fraga, iniciativa da Funda\u00e7\u00e3o Educacional e Cultural de Nova Igua\u00e7u (Fenig), est\u00e1 com inscri\u00e7\u00f5es abertas at\u00e9 o dia 29 de fevereiro. O concurso tem como objetivo valorizar os escritores locais.<\/p>\n<p style=\"font-weight: 400;\">O chamamento p\u00fablico destaca o tema \u201cDNA Igua\u00e7uano\u201d.\u00a0 O escritor precisar\u00e1 explorar as ra\u00edzes da cidade em contos ou poesias. Os 30 autores escolhidos ter\u00e3o seus textos publicados em um livro editado pela Fenig, uma vitrine para os novos talentos e uma celebra\u00e7\u00e3o para os talentos de Nova Igua\u00e7u.<\/p>\n<p style=\"font-weight: 400;\">\u201cO tema DNA Igua\u00e7uano \u00e9 uma oportunidade de destacar a nossa cidade em todas as suas caracter\u00edsticas e origens, prestigiando os talentos locais e fortalecendo a nossa produ\u00e7\u00e3o liter\u00e1ria\u201d, afirmou Miguel Ribeiro, presidente da Fenig.<\/p>\n<p style=\"font-weight: 400;\">A primeira edi\u00e7\u00e3o do Pr\u00eamio Ant\u00f4nio Fraga reuniu estudantes da rede p\u00fablica municipal que escreveram contos e prosas sobre o tema \u201cDNA Nordestino em Nova Igua\u00e7u\u201d. O livro com os textos dos estudantes foi publicado em dezembro do ano passado.<\/p>\n<p style=\"font-weight: 400;\">O Pr\u00eamio Ant\u00f4nio Fraga \u00e9 uma a\u00e7\u00e3o da Prefeitura de Nova Igua\u00e7u, por meio da Fenig, e com apoio das secretarias municipais de Cultura e de Educa\u00e7\u00e3o.<\/p>\n<p style=\"font-weight: 400;\">O edital completo e ficha de inscri\u00e7\u00e3o est\u00e3o nos Links abaixo:<\/p>\n<p style=\"font-weight: 400;\"><strong>Inscri\u00e7\u00f5es<\/strong>:\u00a0https:\/\/tinyurl.com\/yuwu8lbd<\/p>\n<p style=\"font-weight: 400;\"><strong>Edital (Di\u00e1rio Oficial, p\u00e1gina 10)<\/strong>:\u00a0https:\/\/tinyurl.com\/yshkwxd3<\/p>\n<\/section><\/div>\n","protected":false},"excerpt":{"rendered":"<p>Fenig abre inscri\u00e7\u00f5es para a segunda edi\u00e7\u00e3o do Pr\u00eamio Ant\u00f4nio Fraga 03 de janeiro de 2024 A segunda edi\u00e7\u00e3o do Pr\u00eamio Ant\u00f4nio Fraga, iniciativa da Funda\u00e7\u00e3o Educacional e Cultural de Nova Igua\u00e7u (Fenig), est\u00e1 com inscri\u00e7\u00f5es abertas at\u00e9 o dia 29 de fevereiro. O concurso tem como objetivo valorizar os escritores locais. O chamamento p\u00fablico [&hellip;]<\/p>\n","protected":false},"author":1,"featured_media":0,"comment_status":"open","ping_status":"open","sticky":false,"template":"","format":"standard","meta":{"footnotes":""},"categories":[1],"tags":[],"class_list":["post-14702","post","type-post","status-publish","format-standard","hentry","category-noticias"],"amp_enabled":true,"_links":{"self":[{"href":"https:\/\/novasdodia.com.br\/index.php\/wp-json\/wp\/v2\/posts\/14702","targetHints":{"allow":["GET"]}}],"collection":[{"href":"https:\/\/novasdodia.com.br\/index.php\/wp-json\/wp\/v2\/posts"}],"about":[{"href":"https:\/\/novasdodia.com.br\/index.php\/wp-json\/wp\/v2\/types\/post"}],"author":[{"embeddable":true,"href":"https:\/\/novasdodia.com.br\/index.php\/wp-json\/wp\/v2\/users\/1"}],"replies":[{"embeddable":true,"href":"https:\/\/novasdodia.com.br\/index.php\/wp-json\/wp\/v2\/comments?post=14702"}],"version-history":[{"count":0,"href":"https:\/\/novasdodia.com.br\/index.php\/wp-json\/wp\/v2\/posts\/14702\/revisions"}],"wp:attachment":[{"href":"https:\/\/novasdodia.com.br\/index.php\/wp-json\/wp\/v2\/media?parent=14702"}],"wp:term":[{"taxonomy":"category","embeddable":true,"href":"https:\/\/novasdodia.com.br\/index.php\/wp-json\/wp\/v2\/categories?post=14702"},{"taxonomy":"post_tag","embeddable":true,"href":"https:\/\/novasdodia.com.br\/index.php\/wp-json\/wp\/v2\/tags?post=14702"}],"curies":[{"name":"wp","href":"https:\/\/api.w.org\/{rel}","templated":true}]}}