{"id":15162,"date":"2024-01-10T18:33:58","date_gmt":"2024-01-10T21:33:58","guid":{"rendered":"https:\/\/novasdodia.com.br\/?p=15162"},"modified":"2024-01-10T18:33:58","modified_gmt":"2024-01-10T21:33:58","slug":"madonna-ex-participante-do-de-ferias-diz-que-ja-namorou-a-cantora-poa-show","status":"publish","type":"post","link":"https:\/\/novasdodia.com.br\/index.php\/2024\/01\/10\/madonna-ex-participante-do-de-ferias-diz-que-ja-namorou-a-cantora-poa-show\/","title":{"rendered":"Madonna: Ex-participante do &#x27;De F\u00e9rias&#x27; diz que j\u00e1 namorou a cantora &#8211; POA SHOW"},"content":{"rendered":"<p>Durante entrevista ao programa &#8220;Mais Voc\u00ea&#8221; (TV Globo) de hoje, o dan\u00e7arino e ex-participante do  &#8220;&#8221; (MTV Brasil) Neguin afirmou j\u00e1 ter tido um relacionamento com Madonna, 63 anos, quando fez parte do grupo de dan\u00e7a da cantora.<\/p>\n<p>O dan\u00e7arino foi questionado pela apresentadora Ana Maria Braga, 73, sobre como era trabalhar com a artista.<\/p>\n<\/p>\n<h4>Relacionadas<\/h4>\n<p>&#8220;Eu fazia cenas com ela [Madonna] que eu tinha que lutar com ela. Eu pulava por cima da Madonna, dava um chute nela, ela me dava um tiro na perna assim. Ent\u00e3o eu tinha que atuar muito nessa parte de dubl\u00ea&#8221;, afirmou.<\/p>\n<p>&#8220;Como ela \u00e9 como pessoa?&#8221;, quis saber Ana Maria.<\/p>\n<p>Ela \u00e9 extremamente incr\u00edvel. Tive uma experi\u00eancia fenomenal com ela. Sa\u00edram uns rumores tamb\u00e9m a\u00ed que agora eu j\u00e1 posso divulgar na TV. Eu tive um relacionamento com ela de um ano e meio. \u00c9 uma pessoa extremamente incr\u00edvel e eu s\u00f3 tenho gratid\u00e3o por tudo que vivenciei com ela. <strong>Neguin<\/strong><\/p>\n<p>&#8220;Ela \u00e9 uma grande mulher, n\u00e9?&#8221;, elogiou a apresentadora. &#8220;Com certeza, ela \u00e9 refer\u00eancia&#8221;, concluiu.<\/p>\n<p>Vale lembrar que Madonna tamb\u00e9m j\u00e1 se relacionou com o brasileiro Jesus Luz. Os dois se conheceram em 2008 durante uma sess\u00e3o de fotos no Rio.<\/p>\n<p>Fonte: <a href=\"\/\/poashow.com.br\/2024\/01\/10\/madonna-ex-participante-do-de-ferias-diz-que-ja-namorou-a-cantora\" title=\"poashow.com.br\/2024\/01\/10\/madonna-ex-participante-do-de-ferias-diz-que-ja-namorou-a-cantora\" target=\"_blank\" rel=\"bookmark noopener\"><cite>poashow.com.br\/2024\/01\/10\/madonna-ex-participante-do-de-ferias-diz-que-ja-namorou-a-cantora<\/cite><\/a><\/p>\n","protected":false},"excerpt":{"rendered":"<p>Durante entrevista ao programa &#8220;Mais Voc\u00ea&#8221; (TV Globo) de hoje, o dan\u00e7arino e ex-participante do &#8220;&#8221; (MTV Brasil) Neguin afirmou j\u00e1 ter tido um relacionamento com Madonna, 63 anos, quando fez parte do grupo de dan\u00e7a da cantora. O dan\u00e7arino foi questionado pela apresentadora Ana Maria Braga, 73, sobre como era trabalhar com a artista. [&hellip;]<\/p>\n","protected":false},"author":1,"featured_media":0,"comment_status":"closed","ping_status":"closed","sticky":false,"template":"","format":"standard","meta":{"footnotes":""},"categories":[1],"tags":[],"class_list":["post-15162","post","type-post","status-publish","format-standard","hentry","category-noticias"],"amp_enabled":true,"_links":{"self":[{"href":"https:\/\/novasdodia.com.br\/index.php\/wp-json\/wp\/v2\/posts\/15162","targetHints":{"allow":["GET"]}}],"collection":[{"href":"https:\/\/novasdodia.com.br\/index.php\/wp-json\/wp\/v2\/posts"}],"about":[{"href":"https:\/\/novasdodia.com.br\/index.php\/wp-json\/wp\/v2\/types\/post"}],"author":[{"embeddable":true,"href":"https:\/\/novasdodia.com.br\/index.php\/wp-json\/wp\/v2\/users\/1"}],"replies":[{"embeddable":true,"href":"https:\/\/novasdodia.com.br\/index.php\/wp-json\/wp\/v2\/comments?post=15162"}],"version-history":[{"count":1,"href":"https:\/\/novasdodia.com.br\/index.php\/wp-json\/wp\/v2\/posts\/15162\/revisions"}],"predecessor-version":[{"id":15163,"href":"https:\/\/novasdodia.com.br\/index.php\/wp-json\/wp\/v2\/posts\/15162\/revisions\/15163"}],"wp:attachment":[{"href":"https:\/\/novasdodia.com.br\/index.php\/wp-json\/wp\/v2\/media?parent=15162"}],"wp:term":[{"taxonomy":"category","embeddable":true,"href":"https:\/\/novasdodia.com.br\/index.php\/wp-json\/wp\/v2\/categories?post=15162"},{"taxonomy":"post_tag","embeddable":true,"href":"https:\/\/novasdodia.com.br\/index.php\/wp-json\/wp\/v2\/tags?post=15162"}],"curies":[{"name":"wp","href":"https:\/\/api.w.org\/{rel}","templated":true}]}}