{"id":15310,"date":"2024-01-12T12:52:04","date_gmt":"2024-01-12T15:52:04","guid":{"rendered":"https:\/\/novasdodia.com.br\/index.php\/2024\/01\/12\/hospital-regional-de-dourados-inicia-terceira-fase-de-obra-tao-esperada-pela-populacao-agencia-de-noticias-do-governo-de-mato-grosso-do-sul\/"},"modified":"2024-01-12T12:52:04","modified_gmt":"2024-01-12T15:52:04","slug":"hospital-regional-de-dourados-inicia-terceira-fase-de-obra-tao-esperada-pela-populacao-agencia-de-noticias-do-governo-de-mato-grosso-do-sul","status":"publish","type":"post","link":"https:\/\/novasdodia.com.br\/index.php\/2024\/01\/12\/hospital-regional-de-dourados-inicia-terceira-fase-de-obra-tao-esperada-pela-populacao-agencia-de-noticias-do-governo-de-mato-grosso-do-sul\/","title":{"rendered":"Hospital Regional de Dourados inicia terceira fase de obra t\u00e3o esperada pela popula\u00e7\u00e3o \u2013 Ag\u00eancia de Noticias do Governo de Mato Grosso do Sul"},"content":{"rendered":"<p><\/p>\n<div>\n<p>T\u00e3o aguardada pela popula\u00e7\u00e3o de 34 munic\u00edpios, a obra do Hospital Regional de Dourados iniciou a sua terceira etapa, que vai ter investimento de R$ 34,4 milh\u00f5es. Nesta fase ser\u00e1 constru\u00eddo o bloco D, que ir\u00e1 dispor de 110 leitos, sendo 20 de UTI. O foco \u00e9 levar sa\u00fade de qualidade para est\u00e1 regi\u00e3o t\u00e3o importante do Estado.<\/p>\n<p>O governador em exerc\u00edcio Jos\u00e9 Carlos Barbosa &#8211; Barbosinha &#8211; assinou a ordem de servi\u00e7o para nova etapa da obra, em solenidade que ocorreu nesta sexta-feira (12), em Dourados.<\/p>\n<p>&#8220;Fruto de uma organiza\u00e7\u00e3o do Governo e trabalho realizado. Estado municipalista, que estende as m\u00e3os para os munic\u00edpios. Este hospital vai atender n\u00e3o apenas Dourados, mas todas as cidades da regi\u00e3o, que supera 900 mil pessoas. Depois da obra f\u00edsica, come\u00e7a o desafio para fazer ele entrar em funcionamento. Vamos avan\u00e7ar, porque as pessoas n\u00e3o podem esperar&#8221;, disse Barbosinha.<\/p>\n<p>O novo bloco vai ser dividido em dois pavimentos, sendo que o primeiro o t\u00e9rreo estar\u00e3o as alas de interna\u00e7\u00e3o com 60 leitos. J\u00e1 no pavimento superior haver\u00e1 uma unidade de tratamento intensivo com mais 20 leitos de UTI e 30 salas de interna\u00e7\u00e3o.<\/p>\n<div id=\"gallery-1\" class=\"gallery galleryid-462180 gallery-columns-2 gallery-size-large\">\n<figure class=\"gallery-item\">\n<div class=\"gallery-icon landscape\"><\/div>\n<\/figure>\n<figure class=\"gallery-item\">\n<div class=\"gallery-icon landscape\"><\/div>\n<\/figure><\/div>\n<p>Nesta fase ser\u00e1 constru\u00edda uma passarela que far\u00e1 a interliga\u00e7\u00e3o entre os blocos A, B e C, que fazem parte das duas etapas anteriores da obra.<\/p>\n<p>&#8220;O Hospital Regional vai ter um grande impacto na cidade, pois os munic\u00edpios do Estado que tem tal estrutura tiveram avan\u00e7os na sa\u00fade. Ele vai chegar em um momento importante da nossa sa\u00fade, para superarmos as dificuldades no setor&#8221;, afirmou o secret\u00e1rio municipal de Sa\u00fade, Waldno Pereira de Lucena J\u00fanior, que representou o prefeito no evento.<\/p>\n<p>O deputado federal Geraldo Resende lembrou do in\u00edcio do projeto. &#8220;Sempre defendi a constru\u00e7\u00e3o do hospital com muita garra e determina\u00e7\u00e3o. Estava no ato da doa\u00e7\u00e3o do terreno e vou continuar me dedicando ao projeto&#8221;.<\/p>\n<p><strong>Complexo hospitalar<\/strong><\/p>\n<p>Situado as margens da BR-463, em uma \u00e1rea de 50 mil metros quadrados, a obra tem quatro etapas de edifica\u00e7\u00e3o. A primeira j\u00e1 foi conclu\u00edda com a constru\u00e7\u00e3o de tr\u00eas blocos, com 93 leitos e um centro cir\u00fargico com quatro salas.<\/p>\n<p>J\u00e1 a segunda etapa trata-se da constru\u00e7\u00e3o do Centro de Diagn\u00f3stico e Especialidades M\u00e9dicas. A obra est\u00e1 em andamento e tem investimento de R$ 17,5 milh\u00f5es. Esta fase ainda conta com amplia\u00e7\u00e3o da pavimenta\u00e7\u00e3o e urbaniza\u00e7\u00e3o externa, com p\u00e1tio de estacionamento para 70 ve\u00edculos. A previs\u00e3o \u00e9 ficar pronta neste semestre.<\/p>\n<p>Dentro do complexo ainda ser\u00e1 constru\u00eddo o SVO (Servi\u00e7o de Verifica\u00e7\u00e3o de \u00d3bito), que ter\u00e1 edifica\u00e7\u00e3o das salas administrativas, de treinamento, laborat\u00f3rios, salas de laudos e necropsia, assim como a copa, recep\u00e7\u00e3o, estacionamento e urbaniza\u00e7\u00e3o externa.<\/p>\n<p>Al\u00e9m das edifica\u00e7\u00f5es, o Governo do Estado vai fazer obras complementares, entre elas a pavimenta\u00e7\u00e3o das vias adjacentes, que d\u00e3o acesso ao complexo, assim como a constru\u00e7\u00e3o de uma elevat\u00f3ria de esgoto sanit\u00e1rio.<\/p>\n<p>Al\u00e9m do governador, participaram do evento os secret\u00e1rios Eduardo Rocha (Casa Civil), H\u00e9lio Peluffo (Seilog), o deputado federal Geraldo Resende, o deputado estadual Renato C\u00e2mara, al\u00e9m dos secret\u00e1rios-adjuntos Christine Maymone (Sa\u00fade) e Walter Carneiro J\u00fanior (Semadesc).<\/p>\n<div id=\"gallery-3\" class=\"gallery galleryid-462180 gallery-columns-1 gallery-size-large\">\n<figure class=\"gallery-item\">\n<div class=\"gallery-icon landscape\"><\/div>\n<\/figure><\/div>\n<p><em>Leonardo Rocha, Comunica\u00e7\u00e3o Governo de MS<\/em><br \/><em>Fotos: Jo\u00e3o Garrig\u00f3<\/em><\/p>\n<\/div>\n","protected":false},"excerpt":{"rendered":"<p>T\u00e3o aguardada pela popula\u00e7\u00e3o de 34 munic\u00edpios, a obra do Hospital Regional de Dourados iniciou a sua terceira etapa, que vai ter investimento de R$ 34,4 milh\u00f5es. Nesta fase ser\u00e1 constru\u00eddo o bloco D, que ir\u00e1 dispor de 110 leitos, sendo 20 de UTI. O foco \u00e9 levar sa\u00fade de qualidade para est\u00e1 regi\u00e3o t\u00e3o [&hellip;]<\/p>\n","protected":false},"author":1,"featured_media":0,"comment_status":"open","ping_status":"open","sticky":false,"template":"","format":"standard","meta":{"footnotes":""},"categories":[],"tags":[],"class_list":["post-15310","post","type-post","status-publish","format-standard","hentry"],"amp_enabled":true,"_links":{"self":[{"href":"https:\/\/novasdodia.com.br\/index.php\/wp-json\/wp\/v2\/posts\/15310","targetHints":{"allow":["GET"]}}],"collection":[{"href":"https:\/\/novasdodia.com.br\/index.php\/wp-json\/wp\/v2\/posts"}],"about":[{"href":"https:\/\/novasdodia.com.br\/index.php\/wp-json\/wp\/v2\/types\/post"}],"author":[{"embeddable":true,"href":"https:\/\/novasdodia.com.br\/index.php\/wp-json\/wp\/v2\/users\/1"}],"replies":[{"embeddable":true,"href":"https:\/\/novasdodia.com.br\/index.php\/wp-json\/wp\/v2\/comments?post=15310"}],"version-history":[{"count":0,"href":"https:\/\/novasdodia.com.br\/index.php\/wp-json\/wp\/v2\/posts\/15310\/revisions"}],"wp:attachment":[{"href":"https:\/\/novasdodia.com.br\/index.php\/wp-json\/wp\/v2\/media?parent=15310"}],"wp:term":[{"taxonomy":"category","embeddable":true,"href":"https:\/\/novasdodia.com.br\/index.php\/wp-json\/wp\/v2\/categories?post=15310"},{"taxonomy":"post_tag","embeddable":true,"href":"https:\/\/novasdodia.com.br\/index.php\/wp-json\/wp\/v2\/tags?post=15310"}],"curies":[{"name":"wp","href":"https:\/\/api.w.org\/{rel}","templated":true}]}}