{"id":15330,"date":"2024-01-12T18:27:50","date_gmt":"2024-01-12T21:27:50","guid":{"rendered":"https:\/\/novasdodia.com.br\/index.php\/2024\/01\/12\/fiscalizacao-educativa-na-ms-040-aborda-mais-de-20-motoristas-e-orienta-sobre-exame-toxicologico-agencia-de-noticias-do-governo-de-mato-grosso-do-sul\/"},"modified":"2024-01-12T18:27:50","modified_gmt":"2024-01-12T21:27:50","slug":"fiscalizacao-educativa-na-ms-040-aborda-mais-de-20-motoristas-e-orienta-sobre-exame-toxicologico-agencia-de-noticias-do-governo-de-mato-grosso-do-sul","status":"publish","type":"post","link":"https:\/\/novasdodia.com.br\/index.php\/2024\/01\/12\/fiscalizacao-educativa-na-ms-040-aborda-mais-de-20-motoristas-e-orienta-sobre-exame-toxicologico-agencia-de-noticias-do-governo-de-mato-grosso-do-sul\/","title":{"rendered":"fiscaliza\u00e7\u00e3o educativa na MS-040 aborda mais de 20 motoristas e orienta sobre exame toxicol\u00f3gico \u2013 Ag\u00eancia de Noticias do Governo de Mato Grosso do Sul"},"content":{"rendered":"<p><\/p>\n<div>\n<p><span style=\"font-weight: 400;\">A sexta-feira (12) foi movimentada no km 10 da MS-040, sa\u00edda para Santa Rita do Pardo. Mais de 20 motoristas foram abordados durante fiscaliza\u00e7\u00e3o especial de car\u00e1ter educativo promovida pelo Detran-MS (Departamento Estadual de Tr\u00e2nsito de Mato Grosso do Sul) dentro das a\u00e7\u00f5es do Programa Rodovida.\u00a0<\/span><\/p>\n<p><span style=\"font-weight: 400;\">O foco dessa a\u00e7\u00e3o na MS-040 foi o exame toxicol\u00f3gico, obrigat\u00f3rio para quem possui CNH (Carteira Nacional de Habilita\u00e7\u00e3o) nas categorias C, D e E. Embora o prazo final para regulariza\u00e7\u00e3o do exame toxicol\u00f3gico tenha sido 28 de dezembro de 2023, os condutores que forem pegos pela fiscaliza\u00e7\u00e3o s\u00f3 poder\u00e3o ser penalizados a partir de 28 de janeiro de 2024.<\/span><\/p>\n<p>Motorista de caminh\u00e3o h\u00e1 16 anos, Manoel Justino veio de Ribas do Rio Pardo buscar um carregamento na Capital e caiu na blitz educativa. \u201cA gente teve um treinamento que foi feito pelo Detran e visamos n\u00e3o s\u00f3 dirigir pra gente, mas para outras pessoas tamb\u00e9m. Visando evitar acidentes, n\u00e9? A MS 040 tem bastante animais e precisamos ter uma aten\u00e7\u00e3o redobrada\u201d, contou.<\/p>\n<figure id=\"attachment_33351\" class=\"wp-caption aligncenter\" aria-describedby=\"caption-attachment-33351\"><figcaption id=\"caption-attachment-33351\" class=\"wp-caption-text\">Agentes de Autoridade de Tr\u00e2nsito do Detran-MS abordaram condutores na MS-040<\/figcaption><\/figure>\n<p>Durante a abordagem, ele apresentou o Exame Toxicol\u00f3gico em dia e recebeu um exemplar do CTB (C\u00f3digo de Tr\u00e2nsito Brasileiro). Revelou ainda, a motiva\u00e7\u00e3o para buscar ser um motorista exemplar. \u201cA fam\u00edlia t\u00e1 sempre esperando n\u00e9? Pai, m\u00e3e e todo mundo. \u00c9 importante estar sempre vigilante\u201d.\u00a0<\/p>\n<p>Com 12 anos de estrada, William G\u00f3es, de 36 anos, afirmou que esse tipo de a\u00e7\u00e3o \u00e9 bom para toda sociedade. \u201cNa estrada a gente tenta trabalhar o mais correto poss\u00edvel. N\u00e3o \u00e9 f\u00e1cil, mas a gente busca ter um cuidado maior, andar sempre dentro da velocidade, dentro dos hor\u00e1rios que a gente tem que andar.\u00a0 Assim, temos que trabalhar pensando em todos. Um ve\u00edculo grande desse, n\u00e3o p\u00e1ra de uma hora pra outra. Temos que ter aten\u00e7\u00e3o e cuidar dos pequenos\u201d.\u00a0<\/p>\n<figure id=\"attachment_33357\" class=\"wp-caption alignleft\" aria-describedby=\"caption-attachment-33357\"><figcaption id=\"caption-attachment-33357\" class=\"wp-caption-text\">Condutores assistiram v\u00eddeo da Rodovida dentro de van<\/figcaption><\/figure>\n<p>Ap\u00f3s ordem de parada, os condutores receberam orienta\u00e7\u00f5es dentro de uma van onde eles assistiram a um v\u00eddeo do Rodovida. \u201cExplicamos a finalidade do programa com objetivo de somar esfor\u00e7os para reduzir n\u00famero de mortos e feridos nas rodovias de todo Pa\u00eds. E aqui no MS foi feito um mapeamento das principais rodovias. A MS 040 foi a primeira, tendo em vista o n\u00famero de pessoas que trafegam por essa rodovia todos os dias. Parar um pouco para essa reflex\u00e3o sobre o comportamento seguro nas vias, \u00e9 muito importante. Todos que participaram, receberam muito bem nossas equipes, agradeceram, tiraram d\u00favidas e falaram do quanto \u00e9 importante somar esfor\u00e7os e conscientizar\u201d, avaliou a Diretora de Educa\u00e7\u00e3o de Tr\u00e2nsito, Andrea Moringo.\u00a0<\/p>\n<p>De acordo com o chefe de Fiscaliza\u00e7\u00e3o de Tr\u00e2nsito do Detran-MS, Ruben Ajala, \u201cgrande parte dos condutores ainda est\u00e3o com exame vencido e n\u00e3o realizaram a renova\u00e7\u00e3o\u201d. Mas todos receberam orienta\u00e7\u00f5es sobre as consequ\u00eancias de\u00a0dirigir ve\u00edculo com o exame toxicol\u00f3gico vencido, que configura infra\u00e7\u00e3o de tr\u00e2nsito do artigo 165-B do CTB, com multa de natureza grav\u00edssima multiplicada por cinco, no valor de R$ 1.467,35 e, em caso de reincid\u00eancia no per\u00edodo de at\u00e9 doze meses, multa multiplicada por dez, ficando em R$ 2.934,70 e suspens\u00e3o do direito de dirigir.<\/p>\n<p>A iniciativa que integrou as equipes de educa\u00e7\u00e3o e tamb\u00e9m de fiscaliza\u00e7\u00e3o do Detran-MS, contou com parcerias importantes da Agetran (Ag\u00eancia Municipal de Tr\u00e2nsito), Cetran (Conselho Estadual de Tr\u00e2nsito), Agesul (Ag\u00eancia Estadual de Gest\u00e3o de Empreendimentos) e PMRE (Pol\u00edcia Militar Rodovi\u00e1ria Estadual).\u00a0<\/p>\n<figure id=\"attachment_33340\" class=\"wp-caption aligncenter\" aria-describedby=\"caption-attachment-33340\"><figcaption id=\"caption-attachment-33340\" class=\"wp-caption-text\">Parceiros do Detran na iniciativa<\/figcaption><\/figure>\n<p><b>Rodovida<\/b><\/p>\n<p>O Programa Rodovida, estabelecido pela Resolu\u00e7\u00e3o CONTRAN N\u00ba 897, de 9 de mar\u00e7o de 2022, quer tornar as estradas mais seguras em todo Pa\u00eds, por meio de a\u00e7\u00f5es integradas entre os \u00f3rg\u00e3os e entidades que comp\u00f5em o Sistema Nacional de Tr\u00e2nsito. Em todas as unidades federativas ser\u00e3o implementadas medidas voltadas \u00e0 seguran\u00e7a vi\u00e1ria no per\u00edodo que vai de dezembro de 2023 at\u00e9 o domingo p\u00f3s-carnaval, em fevereiro de 2024.<\/p>\n<p><em>Mireli Obando e Rodrigo Maia, Comunica\u00e7\u00e3o Detran-MS<br \/><\/em><em>Fotos: Rachid Waqued<\/em><\/p>\n<\/div>\n","protected":false},"excerpt":{"rendered":"<p>A sexta-feira (12) foi movimentada no km 10 da MS-040, sa\u00edda para Santa Rita do Pardo. Mais de 20 motoristas foram abordados durante fiscaliza\u00e7\u00e3o especial de car\u00e1ter educativo promovida pelo Detran-MS (Departamento Estadual de Tr\u00e2nsito de Mato Grosso do Sul) dentro das a\u00e7\u00f5es do Programa Rodovida.\u00a0 O foco dessa a\u00e7\u00e3o na MS-040 foi o exame [&hellip;]<\/p>\n","protected":false},"author":1,"featured_media":0,"comment_status":"open","ping_status":"open","sticky":false,"template":"","format":"standard","meta":{"footnotes":""},"categories":[],"tags":[],"class_list":["post-15330","post","type-post","status-publish","format-standard","hentry"],"amp_enabled":true,"_links":{"self":[{"href":"https:\/\/novasdodia.com.br\/index.php\/wp-json\/wp\/v2\/posts\/15330","targetHints":{"allow":["GET"]}}],"collection":[{"href":"https:\/\/novasdodia.com.br\/index.php\/wp-json\/wp\/v2\/posts"}],"about":[{"href":"https:\/\/novasdodia.com.br\/index.php\/wp-json\/wp\/v2\/types\/post"}],"author":[{"embeddable":true,"href":"https:\/\/novasdodia.com.br\/index.php\/wp-json\/wp\/v2\/users\/1"}],"replies":[{"embeddable":true,"href":"https:\/\/novasdodia.com.br\/index.php\/wp-json\/wp\/v2\/comments?post=15330"}],"version-history":[{"count":0,"href":"https:\/\/novasdodia.com.br\/index.php\/wp-json\/wp\/v2\/posts\/15330\/revisions"}],"wp:attachment":[{"href":"https:\/\/novasdodia.com.br\/index.php\/wp-json\/wp\/v2\/media?parent=15330"}],"wp:term":[{"taxonomy":"category","embeddable":true,"href":"https:\/\/novasdodia.com.br\/index.php\/wp-json\/wp\/v2\/categories?post=15330"},{"taxonomy":"post_tag","embeddable":true,"href":"https:\/\/novasdodia.com.br\/index.php\/wp-json\/wp\/v2\/tags?post=15330"}],"curies":[{"name":"wp","href":"https:\/\/api.w.org\/{rel}","templated":true}]}}