{"id":15388,"date":"2024-01-13T12:39:53","date_gmt":"2024-01-13T15:39:53","guid":{"rendered":"https:\/\/novasdodia.com.br\/index.php\/2024\/01\/13\/agencia-minas-gerais-governo-de-minas-amplia-area-de-protecao-ambiental-da-estacao-ecologica-de-fechos\/"},"modified":"2024-01-13T12:39:53","modified_gmt":"2024-01-13T15:39:53","slug":"agencia-minas-gerais-governo-de-minas-amplia-area-de-protecao-ambiental-da-estacao-ecologica-de-fechos","status":"publish","type":"post","link":"https:\/\/novasdodia.com.br\/index.php\/2024\/01\/13\/agencia-minas-gerais-governo-de-minas-amplia-area-de-protecao-ambiental-da-estacao-ecologica-de-fechos\/","title":{"rendered":"Ag\u00eancia Minas Gerais | Governo de Minas\u00a0amplia \u00e1rea de prote\u00e7\u00e3o ambiental da Esta\u00e7\u00e3o Ecol\u00f3gica de Fechos"},"content":{"rendered":"<p><\/p>\n<div>\n<p>O Governo de Minas Gerais publicou, na edi\u00e7\u00e3o do Di\u00e1rio Oficial deste s\u00e1bado (13\/1), decreto que amplia a \u00e1rea de prote\u00e7\u00e3o ambiental da Esta\u00e7\u00e3o Ecol\u00f3gica de Fechos, em Nova Lima, na Regi\u00e3o Metropolitana de Belo Horizonte (RMBH).<\/p>\n<p>O documento prev\u00ea a inclus\u00e3o de mais 250,7 hectares de terras \u00a0na \u00e1rea de prote\u00e7\u00e3o, que assegurar\u00e1 a conserva\u00e7\u00e3o e a preserva\u00e7\u00e3o do manancial d&#8217;\u00e1gua na bacia do ribeir\u00e3o dos Fechos e da biodiversidade. Isso \u00e9 o equivalente a 250 campos de futebol que agora estar\u00e3o protegidos para preserva\u00e7\u00e3o do meio ambiente.\u00a0<br \/>&#13;<br \/>\n\u00a0<\/p>\n<p style=\"text-align:center\">\n<p style=\"text-align:center\"><sub><em>Normativo estabelece a incorpora\u00e7\u00e3o de seis glebas (\u00e1reas n\u00e3o urbanizadas) \u00e0 E.E. de Fechos<\/em><\/sub><\/p>\n<p>&#13;<br \/>\nA proposta tem import\u00e2ncia significativa para a prote\u00e7\u00e3o ambiental. Podem ser mencionadas, como exemplo de valor agregado na amplia\u00e7\u00e3o, a incorpora\u00e7\u00e3o das \u00e1reas de nascentes na bacia do C\u00f3rrego Macacos.<\/p>\n<p>Vale ressaltar, ainda, a relev\u00e2ncia para a cobertura vegetal, j\u00e1 que o documento prev\u00ea a inclus\u00e3o de trechos que v\u00e3o permitir a forma\u00e7\u00e3o de um cont\u00ednuo florestal e maior conectividade entre os ambientes naturais da sub-bacia de Fechos \u00e0s cabeceiras dos c\u00f3rregos Grota-fria e Penteado.<\/p>\n<p>O decreto \u00e9 uma alternativa para garantir a implementa\u00e7\u00e3o da \u00e1rea de prote\u00e7\u00e3o, mesmo com o veto da Proposi\u00e7\u00e3o de Lei N\u00ba 25.628 que ampliava o parque, mas em uma \u00e1rea menor e com entraves que poderiam inviabilizar a expans\u00e3o da \u00e1rea preservada na pr\u00e1tica, uma vez que a \u00a0proposta original poderia provocar conflitos fundi\u00e1rios e \u00a0riscos de judicializa\u00e7\u00e3o.\u00a0<\/p>\n<p>O Instituto Estadual de Florestas (IEF) fundamentou tecnicamente o decreto que j\u00e1 est\u00e1 em vigor. A partir de agora, o Governo de Minas seguir\u00e1 com os procedimentos para efetivar a expans\u00e3o da unidade de conserva\u00e7\u00e3o e para as melhorias da unidade de conserva\u00e7\u00e3o.<\/p>\n<\/p><\/div>\n","protected":false},"excerpt":{"rendered":"<p>O Governo de Minas Gerais publicou, na edi\u00e7\u00e3o do Di\u00e1rio Oficial deste s\u00e1bado (13\/1), decreto que amplia a \u00e1rea de prote\u00e7\u00e3o ambiental da Esta\u00e7\u00e3o Ecol\u00f3gica de Fechos, em Nova Lima, na Regi\u00e3o Metropolitana de Belo Horizonte (RMBH). O documento prev\u00ea a inclus\u00e3o de mais 250,7 hectares de terras \u00a0na \u00e1rea de prote\u00e7\u00e3o, que assegurar\u00e1 a [&hellip;]<\/p>\n","protected":false},"author":1,"featured_media":0,"comment_status":"open","ping_status":"open","sticky":false,"template":"","format":"standard","meta":{"footnotes":""},"categories":[1],"tags":[],"class_list":["post-15388","post","type-post","status-publish","format-standard","hentry","category-noticias"],"amp_enabled":true,"_links":{"self":[{"href":"https:\/\/novasdodia.com.br\/index.php\/wp-json\/wp\/v2\/posts\/15388","targetHints":{"allow":["GET"]}}],"collection":[{"href":"https:\/\/novasdodia.com.br\/index.php\/wp-json\/wp\/v2\/posts"}],"about":[{"href":"https:\/\/novasdodia.com.br\/index.php\/wp-json\/wp\/v2\/types\/post"}],"author":[{"embeddable":true,"href":"https:\/\/novasdodia.com.br\/index.php\/wp-json\/wp\/v2\/users\/1"}],"replies":[{"embeddable":true,"href":"https:\/\/novasdodia.com.br\/index.php\/wp-json\/wp\/v2\/comments?post=15388"}],"version-history":[{"count":0,"href":"https:\/\/novasdodia.com.br\/index.php\/wp-json\/wp\/v2\/posts\/15388\/revisions"}],"wp:attachment":[{"href":"https:\/\/novasdodia.com.br\/index.php\/wp-json\/wp\/v2\/media?parent=15388"}],"wp:term":[{"taxonomy":"category","embeddable":true,"href":"https:\/\/novasdodia.com.br\/index.php\/wp-json\/wp\/v2\/categories?post=15388"},{"taxonomy":"post_tag","embeddable":true,"href":"https:\/\/novasdodia.com.br\/index.php\/wp-json\/wp\/v2\/tags?post=15388"}],"curies":[{"name":"wp","href":"https:\/\/api.w.org\/{rel}","templated":true}]}}