{"id":15396,"date":"2024-01-13T16:10:26","date_gmt":"2024-01-13T19:10:26","guid":{"rendered":"https:\/\/novasdodia.com.br\/index.php\/2024\/01\/13\/atividades-do-janeiro-roxo-conscientizam-sobre-hanseniase\/"},"modified":"2024-01-13T16:10:26","modified_gmt":"2024-01-13T19:10:26","slug":"atividades-do-janeiro-roxo-conscientizam-sobre-hanseniase","status":"publish","type":"post","link":"https:\/\/novasdodia.com.br\/index.php\/2024\/01\/13\/atividades-do-janeiro-roxo-conscientizam-sobre-hanseniase\/","title":{"rendered":"Atividades do Janeiro Roxo conscientizam sobre hansen\u00edase"},"content":{"rendered":"<p><\/p>\n<div>\n<p><b>Cl\u00e1udio Souza<\/b><br \/>&#13;<br \/>\n&#13;<br \/>\n                <span style=\"font-weight: bold;\">Secretaria de Sa\u00fade<\/span><\/p>\n<p><span style=\"font-weight: 400;\">A Prefeitura de S\u00e3o Jos\u00e9 dos Campos est\u00e1 realizando neste m\u00eas a campanha Janeiro Roxo, que tem como objetivo combater o preconceito e conscientizar a popula\u00e7\u00e3o a respeito dos sintomas da hansen\u00edase.<\/span><\/p>\n<p><span style=\"font-weight: 400;\">A campanha tem sido divulgada nas 45 UBSs Resolve, presentes em todas as regi\u00f5es da cidade, com abordagens\u00a0 individuais ou em grupos nas salas de espera, com os profissionais de sa\u00fade prestando informa\u00e7\u00f5es sobre a enfermidade \u2013 sinais, sintomas, transmiss\u00e3o e tratamento.<\/span><\/p>\n<p><span style=\"font-weight: 400;\">O objetivo \u00e9 tirar o estigma da doen\u00e7a e aumentar o diagn\u00f3stico precoce dos casos, prevenindo poss\u00edveis sequelas e ajudando no processo de cura. At\u00e9 o final do m\u00eas, o Arco da Inova\u00e7\u00e3o estar\u00e1 iluminado de roxo, que \u00e9 a cor escolhida pela OMS (Organiza\u00e7\u00e3o Mundial de Sa\u00fade) para simbolizar a campanha.<\/span><\/p>\n<p><span style=\"font-weight: 400;\">O \u00faltimo domingo de janeiro, que neste ano cai no dia 26, foi institu\u00eddo como Dia Mundial contra a Hansen\u00edase. J\u00e1 no dia 31, ser\u00e1 comemorado o Dia Nacional de Combate e Preven\u00e7\u00e3o da Hansen\u00edase.<\/span><\/p>\n<p><span class=\"intertitulo\">Doen\u00e7a<\/span><\/p>\n<p><span style=\"font-weight: 400;\">Causada pela bact\u00e9ria <\/span><span style=\"font-weight: 400;\">Mycobacterium leprae<\/span><span style=\"font-weight: 400;\">, a hansen\u00edase \u00e9 transmitida por via respirat\u00f3ria. O trabalho realizado pela Prefeitura tem como objetivo informar sobre sintomas, transmiss\u00e3o e tratamento, conscientizando os mun\u00edcipes para que busquem atendimento m\u00e9dico precocemente diante da suspeita.<\/span><\/p>\n<p><span style=\"font-weight: 400;\">Em S\u00e3o Jos\u00e9 dos Campos, foram diagnosticados 7 casos em 2023, o mesmo n\u00famero do ano anterior. Atualmente, 12 pessoas est\u00e3o passando por tratamento, que \u00e9 totalmente gratuito.<\/span><\/p>\n<p><span style=\"font-weight: 400;\">Mais informa\u00e7\u00f5es sobre causas, sintomas, diagn\u00f3stico e tratamento<\/span><\/p>\n<p><span class=\"intertitulo\"><strong>Sintomas<\/strong><\/span><\/p>\n<ul>&#13;<\/p>\n<li style=\"font-weight: 400;\" aria-level=\"1\"><span style=\"font-weight: 400;\">Manchas esbranqui\u00e7adas, avermelhadas ou amarronzadas em qualquer parte do corpo, com perda ou altera\u00e7\u00e3o de sensibilidade ao calor e frio, ao tato e \u00e0 dor<\/span><\/li>\n<p>&#13;<\/p>\n<li style=\"font-weight: 400;\" aria-level=\"1\"><span style=\"font-weight: 400;\">Locais com diminui\u00e7\u00e3o dos pelos e do suor<\/span><\/li>\n<p>&#13;<\/p>\n<li style=\"font-weight: 400;\" aria-level=\"1\"><span style=\"font-weight: 400;\">Dor e sensa\u00e7\u00e3o de choque, formigamento, fisgadas e agulhadas ao longo dos nervos dos bra\u00e7os e das pernas<\/span><\/li>\n<p>&#13;<\/p>\n<li style=\"font-weight: 400;\" aria-level=\"1\"><span style=\"font-weight: 400;\">Diminui\u00e7\u00e3o da sensibilidade ou for\u00e7a muscular da face, m\u00e3os e p\u00e9s, devido \u00e0 inflama\u00e7\u00e3o de nervos, que nesses casos podem estar engrossados e doloridos<\/span><\/li>\n<p>&#13;<\/p>\n<li style=\"font-weight: 400;\" aria-level=\"1\"><span style=\"font-weight: 400;\">\u00dalceras (feridas) de pernas e p\u00e9s<\/span><\/li>\n<p>&#13;<\/p>\n<li style=\"font-weight: 400;\" aria-level=\"1\"><span style=\"font-weight: 400;\">N\u00f3dulos (caro\u00e7os) no corpo, em alguns casos avermelhados e dolorosos<\/span><\/li>\n<p>&#13;\n<\/ul>\n<p>&#13;<br \/>\n                        <strong>MAIS NOT\u00cdCIAS<\/strong><br \/>&#13;<br \/>\n                        Secretaria de Sa\u00fade&#13;\n                    <\/p>\n<\/p><\/div>\n","protected":false},"excerpt":{"rendered":"<p>Cl\u00e1udio Souza&#13; &#13; Secretaria de Sa\u00fade A Prefeitura de S\u00e3o Jos\u00e9 dos Campos est\u00e1 realizando neste m\u00eas a campanha Janeiro Roxo, que tem como objetivo combater o preconceito e conscientizar a popula\u00e7\u00e3o a respeito dos sintomas da hansen\u00edase. A campanha tem sido divulgada nas 45 UBSs Resolve, presentes em todas as regi\u00f5es da cidade, com [&hellip;]<\/p>\n","protected":false},"author":1,"featured_media":0,"comment_status":"open","ping_status":"open","sticky":false,"template":"","format":"standard","meta":{"footnotes":""},"categories":[1],"tags":[],"class_list":["post-15396","post","type-post","status-publish","format-standard","hentry","category-noticias"],"amp_enabled":true,"_links":{"self":[{"href":"https:\/\/novasdodia.com.br\/index.php\/wp-json\/wp\/v2\/posts\/15396","targetHints":{"allow":["GET"]}}],"collection":[{"href":"https:\/\/novasdodia.com.br\/index.php\/wp-json\/wp\/v2\/posts"}],"about":[{"href":"https:\/\/novasdodia.com.br\/index.php\/wp-json\/wp\/v2\/types\/post"}],"author":[{"embeddable":true,"href":"https:\/\/novasdodia.com.br\/index.php\/wp-json\/wp\/v2\/users\/1"}],"replies":[{"embeddable":true,"href":"https:\/\/novasdodia.com.br\/index.php\/wp-json\/wp\/v2\/comments?post=15396"}],"version-history":[{"count":0,"href":"https:\/\/novasdodia.com.br\/index.php\/wp-json\/wp\/v2\/posts\/15396\/revisions"}],"wp:attachment":[{"href":"https:\/\/novasdodia.com.br\/index.php\/wp-json\/wp\/v2\/media?parent=15396"}],"wp:term":[{"taxonomy":"category","embeddable":true,"href":"https:\/\/novasdodia.com.br\/index.php\/wp-json\/wp\/v2\/categories?post=15396"},{"taxonomy":"post_tag","embeddable":true,"href":"https:\/\/novasdodia.com.br\/index.php\/wp-json\/wp\/v2\/tags?post=15396"}],"curies":[{"name":"wp","href":"https:\/\/api.w.org\/{rel}","templated":true}]}}