{"id":15526,"date":"2024-01-15T11:42:18","date_gmt":"2024-01-15T14:42:18","guid":{"rendered":"https:\/\/novasdodia.com.br\/index.php\/2024\/01\/15\/com-projetos-e-planejamento-para-2024-riedel-retoma-funcao-e-reconhece-atuacao-do-vice-governador\/"},"modified":"2024-01-15T11:42:18","modified_gmt":"2024-01-15T14:42:18","slug":"com-projetos-e-planejamento-para-2024-riedel-retoma-funcao-e-reconhece-atuacao-do-vice-governador","status":"publish","type":"post","link":"https:\/\/novasdodia.com.br\/index.php\/2024\/01\/15\/com-projetos-e-planejamento-para-2024-riedel-retoma-funcao-e-reconhece-atuacao-do-vice-governador\/","title":{"rendered":"Com projetos e planejamento para 2024, Riedel retoma fun\u00e7\u00e3o e reconhece atua\u00e7\u00e3o do vice-governador"},"content":{"rendered":"<p><\/p>\n<div>\n<p>O governador Eduardo Riedel retomou a fun\u00e7\u00e3o no Governo do Estado de Mato Grosso do Sul, nesta segunda-feira (15), ap\u00f3s per\u00edodo de afastamento para recesso.<\/p>\n<p>Logo cedo, ele discutiu pautas de infraestrutura com secret\u00e1rios estaduais e, logo mais, participa de videoconfer\u00eancia com representantes do Governo Federal para discutir pautas estrat\u00e9gicas. Ao longo do dia, ele faz uma s\u00e9rie de reuni\u00f5es com secret\u00e1rios de Estado.\u00a0<\/p>\n<p>Em reuni\u00e3o com o vice-governador Jos\u00e9 Carlos Barbosa \u2013 Barbosinha \u2013, que estava respons\u00e1vel pela administra\u00e7\u00e3o estadual na aus\u00eancia do governador, Riedel agradeceu o trabalho realizado a organiza\u00e7\u00e3o para o ano de 2024.<\/p>\n<p>\u201cObrigada pela dedica\u00e7\u00e3o, Mato Grosso do Sul n\u00e3o parou e n\u00e3o para em momento algum. O ano de 2024 tem projetos pela frente, muitas coisas boas acontecendo. O time \u00e9 isso, a gente trabalha junto, unido, pelo Estado e sociedade. E agora a gente vai dar sequ\u00eancia a todo o planejamento que temos feito. E vamos transformar cada vez mais a realidade, pensando na popula\u00e7\u00e3o\u201d, disse Riedel.<\/p>\n<div id=\"gallery-1\" class=\"gallery galleryid-462295 gallery-columns-2 gallery-size-large\">\n<figure class=\"gallery-item\">\n<div class=\"gallery-icon landscape\"><\/div>\n<\/figure>\n<figure class=\"gallery-item\">\n<div class=\"gallery-icon landscape\"><\/div>\n<\/figure><\/div>\n<p>O vice-governador Jos\u00e9 Carlos Barbosa assumiu, no dia 2 de janeiro, a administra\u00e7\u00e3o do Estado como governador em exerc\u00edcio durante a licen\u00e7a da fun\u00e7\u00e3o do governador Eduardo Riedel. Na ocasi\u00e3o, a transmiss\u00e3o de cargo foi realizada pelo presidente da Assembleia Legislativa de Mato Grosso do Sul, Gerson Claro, que exerceu a fun\u00e7\u00e3o de governador em exerc\u00edcio entre os dias 26 de dezembro de 2023 e 1\u00ba de janeiro de 2024.<\/p>\n<p>\u201cTive oportunidade de, ao longo dos primeiros dias do ano, estar \u00e0 frente do Governo. Agrade\u00e7o pela oportunidade. Visitei onze munic\u00edpios, 14 localidades. O governo n\u00e3o para e o grande sentido \u00e9 dar ao governador esta confian\u00e7a de que o Mato Grosso do Sul continua caminhando\u201d, disse Barbosinha.<\/p>\n<p>O vice-governador, Jos\u00e9 Carlos Barbosa, encerrou no s\u00e1bado (13), a agenda de visitas como governador em exerc\u00edcio, per\u00edodo no qual esteve em onze munic\u00edpios do Estado. Entre os compromissos assumidos desde o dia 2 de janeiro, Barbosinha entregou obras e lan\u00e7ou novas frentes de servi\u00e7o que ultrapassam R$ 350 milh\u00f5es em investimentos.<\/p>\n<figure id=\"attachment_462322\" aria-describedby=\"caption-attachment-462322\" style=\"width: 1024px\" class=\"wp-caption aligncenter\"><figcaption id=\"caption-attachment-462322\" class=\"wp-caption-text\">Abertura: Reuni\u00e3o virtual &#8211; 584\u00aa Reuni\u00e3o do Grupo T\u00e9cnico<br \/>(GTEC) da Comiss\u00e3o de Financiamentos Externos (COFIEX) Foto Saul Schramm<\/figcaption><\/figure>\n<p>Natalia Yahn, Comunica\u00e7\u00e3o Governo de MS<br \/>Fotos: Saul Schramm<\/p>\n<p>&#8212;&#8212;&#8212;&#8212;&#8211;<\/p>\n<p><strong>Leia mais:<\/strong><\/p>\n<blockquote class=\"wp-embedded-content\" data-secret=\"wjAAlpzxQp\">\n<p>Em maratona por 11 cidades, Governo refor\u00e7a marca do municipalismo com mais R$ 350 milh\u00f5es em investimentos<\/p>\n<\/blockquote>\n<p><iframe loading=\"lazy\" class=\"wp-embedded-content\" sandbox=\"allow-scripts\" security=\"restricted\" style=\"position: absolute; clip: rect(1px, 1px, 1px, 1px);\" title=\"\u201cEm maratona por 11 cidades, Governo refor\u00e7a marca do municipalismo com mais R$ 350 milh\u00f5es em investimentos\u201d \u2014 Ag\u00eancia de Noticias do Governo de Mato Grosso do Sul\" src=\"https:\/\/agenciadenoticias.ms.gov.br\/em-maratona-por-11-cidades-governo-reforca-marca-do-municipalismo-com-mais-r-350-milhoes-em-investimentos\/embed\/#?secret=blKjdpjWDx#?secret=wjAAlpzxQp\" data-secret=\"wjAAlpzxQp\" width=\"500\" height=\"282\" frameborder=\"0\" marginwidth=\"0\" marginheight=\"0\" scrolling=\"no\"><\/iframe><\/p>\n<blockquote class=\"wp-embedded-content\" data-secret=\"JXWeH5DHBI\">\n<p>Barbosinha assume como governador em exerc\u00edcio de Mato Grosso do Sul at\u00e9 dia 14 de janeiro<\/p>\n<\/blockquote>\n<p><iframe loading=\"lazy\" class=\"wp-embedded-content\" sandbox=\"allow-scripts\" security=\"restricted\" style=\"position: absolute; clip: rect(1px, 1px, 1px, 1px);\" title=\"\u201cBarbosinha assume como governador em exerc\u00edcio de Mato Grosso do Sul at\u00e9 dia 14 de janeiro\u201d \u2014 Ag\u00eancia de Noticias do Governo de Mato Grosso do Sul\" src=\"https:\/\/agenciadenoticias.ms.gov.br\/barbosinha-assume-como-governador-em-exercicio-de-mato-grosso-do-sul-ate-dia-14-de-janeiro\/embed\/#?secret=qQI9d2j5YC#?secret=JXWeH5DHBI\" data-secret=\"JXWeH5DHBI\" width=\"500\" height=\"282\" frameborder=\"0\" marginwidth=\"0\" marginheight=\"0\" scrolling=\"no\"><\/iframe><\/p>\n<blockquote class=\"wp-embedded-content\" data-secret=\"hA6lydOrLl\">\n<p>Gerson Claro assume MS como governador em exerc\u00edcio at\u00e9 dia 1\u00b0 de janeiro de 2024<\/p>\n<\/blockquote>\n<p><iframe loading=\"lazy\" class=\"wp-embedded-content\" sandbox=\"allow-scripts\" security=\"restricted\" style=\"position: absolute; clip: rect(1px, 1px, 1px, 1px);\" title=\"\u201cGerson Claro assume MS como governador em exerc\u00edcio at\u00e9 dia 1\u00b0 de janeiro de 2024\u201d \u2014 Ag\u00eancia de Noticias do Governo de Mato Grosso do Sul\" src=\"https:\/\/agenciadenoticias.ms.gov.br\/gerson-claro-assume-ms-como-governador-em-exercicio-ate-dia-1-de-janeiro-de-2024\/embed\/#?secret=63111YEypi#?secret=hA6lydOrLl\" data-secret=\"hA6lydOrLl\" width=\"500\" height=\"282\" frameborder=\"0\" marginwidth=\"0\" marginheight=\"0\" scrolling=\"no\"><\/iframe><\/p>\n<\/div>\n","protected":false},"excerpt":{"rendered":"<p>O governador Eduardo Riedel retomou a fun\u00e7\u00e3o no Governo do Estado de Mato Grosso do Sul, nesta segunda-feira (15), ap\u00f3s per\u00edodo de afastamento para recesso. Logo cedo, ele discutiu pautas de infraestrutura com secret\u00e1rios estaduais e, logo mais, participa de videoconfer\u00eancia com representantes do Governo Federal para discutir pautas estrat\u00e9gicas. Ao longo do dia, ele [&hellip;]<\/p>\n","protected":false},"author":1,"featured_media":0,"comment_status":"open","ping_status":"open","sticky":false,"template":"","format":"standard","meta":{"footnotes":""},"categories":[],"tags":[],"class_list":["post-15526","post","type-post","status-publish","format-standard","hentry"],"amp_enabled":true,"_links":{"self":[{"href":"https:\/\/novasdodia.com.br\/index.php\/wp-json\/wp\/v2\/posts\/15526","targetHints":{"allow":["GET"]}}],"collection":[{"href":"https:\/\/novasdodia.com.br\/index.php\/wp-json\/wp\/v2\/posts"}],"about":[{"href":"https:\/\/novasdodia.com.br\/index.php\/wp-json\/wp\/v2\/types\/post"}],"author":[{"embeddable":true,"href":"https:\/\/novasdodia.com.br\/index.php\/wp-json\/wp\/v2\/users\/1"}],"replies":[{"embeddable":true,"href":"https:\/\/novasdodia.com.br\/index.php\/wp-json\/wp\/v2\/comments?post=15526"}],"version-history":[{"count":0,"href":"https:\/\/novasdodia.com.br\/index.php\/wp-json\/wp\/v2\/posts\/15526\/revisions"}],"wp:attachment":[{"href":"https:\/\/novasdodia.com.br\/index.php\/wp-json\/wp\/v2\/media?parent=15526"}],"wp:term":[{"taxonomy":"category","embeddable":true,"href":"https:\/\/novasdodia.com.br\/index.php\/wp-json\/wp\/v2\/categories?post=15526"},{"taxonomy":"post_tag","embeddable":true,"href":"https:\/\/novasdodia.com.br\/index.php\/wp-json\/wp\/v2\/tags?post=15526"}],"curies":[{"name":"wp","href":"https:\/\/api.w.org\/{rel}","templated":true}]}}