{"id":15528,"date":"2024-01-15T12:24:10","date_gmt":"2024-01-15T15:24:10","guid":{"rendered":"https:\/\/novasdodia.com.br\/index.php\/2024\/01\/15\/prefeitura-de-campo-grande-abre-processo-seletivo-para-assistente-educacional-inclusivo-cgnoticias\/"},"modified":"2024-01-15T12:24:10","modified_gmt":"2024-01-15T15:24:10","slug":"prefeitura-de-campo-grande-abre-processo-seletivo-para-assistente-educacional-inclusivo-cgnoticias","status":"publish","type":"post","link":"https:\/\/novasdodia.com.br\/index.php\/2024\/01\/15\/prefeitura-de-campo-grande-abre-processo-seletivo-para-assistente-educacional-inclusivo-cgnoticias\/","title":{"rendered":"Prefeitura de Campo Grande abre processo seletivo para assistente educacional inclusivo \u2013 CGNot\u00edcias"},"content":{"rendered":"<p><\/p>\n<div>\n<p style=\"font-weight: 400\">A Prefeitura de Campo Grande, atrav\u00e9s da Secretaria Municipal de Educa\u00e7\u00e3o (SEMED), abriu processo seletivo para forma\u00e7\u00e3o do cadastro de reserva para assistente educacional inclusivo, de 19 a 26 de janeiro.<\/p>\n<p style=\"font-weight: 400\">Conforme o edital de n\u00famero 02\/2024-01, o processo seletivo \u00e9 para efeito de proceder \u00e0 recomposi\u00e7\u00e3o gradativa do quadro de pessoal tempor\u00e1rio da Secretaria Municipal de Educa\u00e7\u00e3o, para substituir vac\u00e2ncias e assegurar a presta\u00e7\u00e3o dos servi\u00e7os p\u00fablicos essenciais nas unidades escolares da Rede Municipal de Ensino (REME).<\/p>\n<p style=\"font-weight: 400\">As vagas s\u00e3o para profissionais com Forma\u00e7\u00e3o Espec\u00edfica no Curso de Magist\u00e9rio ou Normal M\u00e9dio (Curso T\u00e9cnico Profissionalizante), para atuar na fun\u00e7\u00e3o de Assistente Educacional Inclusivo no atendimento aos alunos com defici\u00eancia.<\/p>\n<p style=\"font-weight: 400\">O Assistente Educacional Inclusivo \u00e9 o profissional que atua na sala de aula do ensino comum e apoia o professor regente quando h\u00e1 aluno p\u00fablico-alvo da educa\u00e7\u00e3o especial incluso, em todas as etapas e modalidades, nas unidades de ensino da REME.<\/p>\n<p style=\"font-weight: 400\">Assim, o profissional contratado para atuar na fun\u00e7\u00e3o de Assistente Educacional Inclusivo oferecer\u00e1 apoio pedag\u00f3gico e atuar\u00e1 no contexto da classe do ensino comum, promovendo o acesso dos alunos com defici\u00eancia ao conhecimento, conte\u00fados curriculares e acesso a todas as atividades did\u00e1tico-pedag\u00f3gicas escolares.<\/p>\n<p style=\"font-weight: 400\">A inscri\u00e7\u00e3o ser\u00e1 gratuita, realizada somente pela internet, no endere\u00e7o eletr\u00f4nico da Prefeitura Municipal de Campo Grande\u00a0www.campogrande.ms.gov.br\/seges\/processoseletivo, de 19 a 26 de janeiro, no hor\u00e1rio oficial de Mato Grosso do Sul.<\/p>\n<p style=\"font-weight: 400\">O edital completo est\u00e1 dispon\u00edvel no Diogrande, a partir da p\u00e1gina 3, atrav\u00e9s do link:\u00a0https:\/\/diogrande.campogrande.ms.gov.br\/download_edicao\/eyJjb2RpZ29kaWEiOiI5MDIwIn0%3D.pdf<\/p>\n<\/div>\n<p><script async defer async defer src=\"https:\/\/connect.facebook.net\/en_US\/sdk.js?ver=1#xfbml=1&#038;version=v3.2\" id='prefeitura-campogrande-script-facebook-sdk-js'><\/script><\/p>\n","protected":false},"excerpt":{"rendered":"<p>A Prefeitura de Campo Grande, atrav\u00e9s da Secretaria Municipal de Educa\u00e7\u00e3o (SEMED), abriu processo seletivo para forma\u00e7\u00e3o do cadastro de reserva para assistente educacional inclusivo, de 19 a 26 de janeiro. Conforme o edital de n\u00famero 02\/2024-01, o processo seletivo \u00e9 para efeito de proceder \u00e0 recomposi\u00e7\u00e3o gradativa do quadro de pessoal tempor\u00e1rio da Secretaria [&hellip;]<\/p>\n","protected":false},"author":1,"featured_media":0,"comment_status":"open","ping_status":"open","sticky":false,"template":"","format":"standard","meta":{"footnotes":""},"categories":[],"tags":[],"class_list":["post-15528","post","type-post","status-publish","format-standard","hentry"],"amp_enabled":true,"_links":{"self":[{"href":"https:\/\/novasdodia.com.br\/index.php\/wp-json\/wp\/v2\/posts\/15528","targetHints":{"allow":["GET"]}}],"collection":[{"href":"https:\/\/novasdodia.com.br\/index.php\/wp-json\/wp\/v2\/posts"}],"about":[{"href":"https:\/\/novasdodia.com.br\/index.php\/wp-json\/wp\/v2\/types\/post"}],"author":[{"embeddable":true,"href":"https:\/\/novasdodia.com.br\/index.php\/wp-json\/wp\/v2\/users\/1"}],"replies":[{"embeddable":true,"href":"https:\/\/novasdodia.com.br\/index.php\/wp-json\/wp\/v2\/comments?post=15528"}],"version-history":[{"count":0,"href":"https:\/\/novasdodia.com.br\/index.php\/wp-json\/wp\/v2\/posts\/15528\/revisions"}],"wp:attachment":[{"href":"https:\/\/novasdodia.com.br\/index.php\/wp-json\/wp\/v2\/media?parent=15528"}],"wp:term":[{"taxonomy":"category","embeddable":true,"href":"https:\/\/novasdodia.com.br\/index.php\/wp-json\/wp\/v2\/categories?post=15528"},{"taxonomy":"post_tag","embeddable":true,"href":"https:\/\/novasdodia.com.br\/index.php\/wp-json\/wp\/v2\/tags?post=15528"}],"curies":[{"name":"wp","href":"https:\/\/api.w.org\/{rel}","templated":true}]}}