{"id":15729,"date":"2024-01-18T01:23:08","date_gmt":"2024-01-18T04:23:08","guid":{"rendered":"https:\/\/novasdodia.com.br\/index.php\/2024\/01\/18\/prefeitura-de-cuiab-tcnicos-do-ministrio-da-sade-realizam-reunio-com-secretrio-de-sade-de-cuiab-e-apresentam-dados-preliminares-de-diagnstico\/"},"modified":"2024-01-18T01:23:08","modified_gmt":"2024-01-18T04:23:08","slug":"prefeitura-de-cuiab-tcnicos-do-ministrio-da-sade-realizam-reunio-com-secretrio-de-sade-de-cuiab-e-apresentam-dados-preliminares-de-diagnstico","status":"publish","type":"post","link":"https:\/\/novasdodia.com.br\/index.php\/2024\/01\/18\/prefeitura-de-cuiab-tcnicos-do-ministrio-da-sade-realizam-reunio-com-secretrio-de-sade-de-cuiab-e-apresentam-dados-preliminares-de-diagnstico\/","title":{"rendered":"Prefeitura de Cuiab | Tcnicos do Ministrio da Sade realizam reunio com secretrio de Sade de Cuiab e apresentam dados preliminares de diagnstico"},"content":{"rendered":"<p><\/p>\n<div id=\"texto\" style=\" width:100%\">\n<div itemprop=\"articleBody\" class=\"textBody\">\n<p>\u00a0<\/p>\n<p>T\u00e9cnicos do Minist\u00e9rio da Sa\u00fade apresentaram dados preliminares do diagn\u00f3stico situacional realizado nas unidades de sa\u00fade de Cuiab\u00e1. A reuni\u00e3o ocorreu nesta quarta-feira (17) no pr\u00e9dio da Secretaria Municipal de Sa\u00fade (SMS). A visita foi realizada a pedido do prefeito Emanuel Pinheiro, que apresentou documentos que indicam a gravidade da situa\u00e7\u00e3o deixada pelo gabinete de interven\u00e7\u00e3o do Estado.\u00a0<\/p>\n<p>Estiveram presentes na reuni\u00e3o Andressa Gorla e Janaina Lopes Novaes, do Departamento de Regula\u00e7\u00e3o Assistencial e Controle (DRAC); Fernanda Hamze, do Departamento de Aten\u00e7\u00e3o Hospitalar Domiciliar e de Urg\u00eancia (DAHU) e Vinicius Santos Sanches do Departamento de Aten\u00e7\u00e3o Especializada e Tem\u00e1tica (DAET).\u00a0<\/p>\n<p>O relat\u00f3rio situacional feito pelos t\u00e9cnicos ser\u00e1 entregue aos superiores de cada departamento do Minist\u00e9rio da Sa\u00fade e, em seguida, o relat\u00f3rio passar\u00e1 por avalia\u00e7\u00e3o do secret\u00e1rio de Aten\u00e7\u00e3o Especializada \u00e0 Sa\u00fade do Minist\u00e9rio da Sa\u00fade, Helv\u00e9cio Miranda Magalh\u00e3es J\u00fanior.\u00a0<\/p>\n<p>Foram realizadas visitas t\u00e9cnicas unidades de sa\u00fade do munic\u00edpio desde a \u00faltima segunda-feira. Os t\u00e9nicos visitaram o Hospital Municipal de Cuiab\u00e1 (HMC), o antigo Pronto-Socorro de Cuiab\u00e1 e o Hospital S\u00e3o Benedito. Foram visitadas todas as unidades de pronto atendimento e realizadas reuni\u00f5es com o secret\u00e1rio de Sa\u00fade, Deiver Teixeira, e o prefeito de Cuiab\u00e1, Emanuel Pinheiro.\u00a0<\/p>\n<p>O secret\u00e1rio Deiver Teixeira, que comandou a reuni\u00e3o nesta quarta-feira, classificou a reuni\u00e3o como produtiva e agradeceu a visita dos t\u00e9cnicos do Minist\u00e9rio da Sa\u00fade. Teixeira comentou que foram expostas as dificuldades e desafios da gest\u00e3o e o que avan\u00e7ou nas duas primeiras semanas de gest\u00e3o.\u00a0<\/p>\n<p>\u201cFoi uma reuni\u00e3o muito importante para todos n\u00f3s e esclarecedora, tenho certeza que vamos avan\u00e7ar ainda mais nas pr\u00f3ximas semanas a partir dos problemas que encontramos no per\u00edodo p\u00f3s interven\u00e7\u00e3o\u201d, afirmou o secret\u00e1rio.<\/p>\n<p>\u00a0<\/p>\n<p>\u00a0<\/p>\n<\/div><\/div>\n","protected":false},"excerpt":{"rendered":"<p>\u00a0 T\u00e9cnicos do Minist\u00e9rio da Sa\u00fade apresentaram dados preliminares do diagn\u00f3stico situacional realizado nas unidades de sa\u00fade de Cuiab\u00e1. A reuni\u00e3o ocorreu nesta quarta-feira (17) no pr\u00e9dio da Secretaria Municipal de Sa\u00fade (SMS). A visita foi realizada a pedido do prefeito Emanuel Pinheiro, que apresentou documentos que indicam a gravidade da situa\u00e7\u00e3o deixada pelo gabinete [&hellip;]<\/p>\n","protected":false},"author":1,"featured_media":0,"comment_status":"open","ping_status":"open","sticky":false,"template":"","format":"standard","meta":{"footnotes":""},"categories":[1],"tags":[],"class_list":["post-15729","post","type-post","status-publish","format-standard","hentry","category-noticias"],"amp_enabled":true,"_links":{"self":[{"href":"https:\/\/novasdodia.com.br\/index.php\/wp-json\/wp\/v2\/posts\/15729","targetHints":{"allow":["GET"]}}],"collection":[{"href":"https:\/\/novasdodia.com.br\/index.php\/wp-json\/wp\/v2\/posts"}],"about":[{"href":"https:\/\/novasdodia.com.br\/index.php\/wp-json\/wp\/v2\/types\/post"}],"author":[{"embeddable":true,"href":"https:\/\/novasdodia.com.br\/index.php\/wp-json\/wp\/v2\/users\/1"}],"replies":[{"embeddable":true,"href":"https:\/\/novasdodia.com.br\/index.php\/wp-json\/wp\/v2\/comments?post=15729"}],"version-history":[{"count":0,"href":"https:\/\/novasdodia.com.br\/index.php\/wp-json\/wp\/v2\/posts\/15729\/revisions"}],"wp:attachment":[{"href":"https:\/\/novasdodia.com.br\/index.php\/wp-json\/wp\/v2\/media?parent=15729"}],"wp:term":[{"taxonomy":"category","embeddable":true,"href":"https:\/\/novasdodia.com.br\/index.php\/wp-json\/wp\/v2\/categories?post=15729"},{"taxonomy":"post_tag","embeddable":true,"href":"https:\/\/novasdodia.com.br\/index.php\/wp-json\/wp\/v2\/tags?post=15729"}],"curies":[{"name":"wp","href":"https:\/\/api.w.org\/{rel}","templated":true}]}}