{"id":16064,"date":"2024-01-22T21:45:00","date_gmt":"2024-01-23T00:45:00","guid":{"rendered":"https:\/\/novasdodia.com.br\/index.php\/2024\/01\/22\/cet-rio-implanta-esquema-de-transito-para-obras-de-pavimentacao-em-rua-de-curicica-prefeitura-da-cidade-do-rio-de-janeiro\/"},"modified":"2024-01-22T21:45:00","modified_gmt":"2024-01-23T00:45:00","slug":"cet-rio-implanta-esquema-de-transito-para-obras-de-pavimentacao-em-rua-de-curicica-prefeitura-da-cidade-do-rio-de-janeiro","status":"publish","type":"post","link":"https:\/\/novasdodia.com.br\/index.php\/2024\/01\/22\/cet-rio-implanta-esquema-de-transito-para-obras-de-pavimentacao-em-rua-de-curicica-prefeitura-da-cidade-do-rio-de-janeiro\/","title":{"rendered":"CET-Rio implanta esquema de tr\u00e2nsito para obras de pavimenta\u00e7\u00e3o em rua de Curicica &#8211; Prefeitura da Cidade do Rio de Janeiro"},"content":{"rendered":"<p><\/p>\n<div id=\"main\">\n<div class=\"wrapper-breadcrumbs\" wp_automatic_readability=\"17.946587537092\">\n<p>A CET-Rio e a Subprefeitura de Jacarepagu\u00e1 informam que a Rua Andr\u00e9 Rocha, em Curicica, ser\u00e1 interditada no trecho entre as ruas Jo\u00e3o Carlos e Josaf\u00e1 a partir desta segunda-feira (22\/1), das 22h \u00e0s 5h, para obras de pavimenta\u00e7\u00e3o. A dura\u00e7\u00e3o dos servi\u00e7os est\u00e1 prevista at\u00e9 o dia 31 de janeiro.<\/p>\n<p>Os ve\u00edculos que trafegam pela Rua Andr\u00e9 Rocha com destino \u00e0 Estrada de Curicica dever\u00e3o seguir pela Rua Ventura, que funcionar\u00e1 em duplo sentido de circula\u00e7\u00e3o, no trecho entre a Rua Andr\u00e9 Rocha e a Rua Creso.<\/p>\n<p>Apoiadores de tr\u00e1fego atuar\u00e3o nos bloqueios e orientar\u00e3o os motoristas no trecho em m\u00e3o-dupla.<\/p>\n<p>T\u00e9cnicos da CET-Rio situados no Centro de Opera\u00e7\u00f5es Rio (COR) far\u00e3o o monitoramento do volume de tr\u00e1fego atrav\u00e9s de c\u00e2meras e, caso seja necess\u00e1rio, ajustes nos tempos semaf\u00f3ricos ser\u00e3o implantados no intuito de diminuir os impactos no tr\u00e2nsito da regi\u00e3o.<\/p>\n<p>             <!-- Compartilhe ---><\/p>\n<p>\t\t\t <!-- TAGS --><\/p>\n<section class=\"category-tags\">\n<div class=\"marcacao-category\">\n<article class=\"category-post\">\n<p>Categoria: <\/p>\n<\/article>\n<li>22 de janeiro de 2024<\/li><\/div>\n<article class=\"tags\">\n\t\t\t\t\tMarca\u00e7\u00f5es: CET-Rio Curicica Interdi\u00e7\u00e3o Obra de pavimenta\u00e7\u00e3o Rua Andr\u00e9 Rocha tr\u00e2nsito<br \/><\/article>\n<\/section>\n<p>            <!-- Mais Not&iacute;cias --><\/p>\n<p>\t\t<!-- Conte&uacute;do SIDEBAR --><\/p><\/div>\n<\/p><\/div>\n","protected":false},"excerpt":{"rendered":"<p>A CET-Rio e a Subprefeitura de Jacarepagu\u00e1 informam que a Rua Andr\u00e9 Rocha, em Curicica, ser\u00e1 interditada no trecho entre as ruas Jo\u00e3o Carlos e Josaf\u00e1 a partir desta segunda-feira (22\/1), das 22h \u00e0s 5h, para obras de pavimenta\u00e7\u00e3o. A dura\u00e7\u00e3o dos servi\u00e7os est\u00e1 prevista at\u00e9 o dia 31 de janeiro. Os ve\u00edculos que trafegam [&hellip;]<\/p>\n","protected":false},"author":1,"featured_media":0,"comment_status":"open","ping_status":"open","sticky":false,"template":"","format":"standard","meta":{"footnotes":""},"categories":[1],"tags":[],"class_list":["post-16064","post","type-post","status-publish","format-standard","hentry","category-noticias"],"amp_enabled":true,"_links":{"self":[{"href":"https:\/\/novasdodia.com.br\/index.php\/wp-json\/wp\/v2\/posts\/16064","targetHints":{"allow":["GET"]}}],"collection":[{"href":"https:\/\/novasdodia.com.br\/index.php\/wp-json\/wp\/v2\/posts"}],"about":[{"href":"https:\/\/novasdodia.com.br\/index.php\/wp-json\/wp\/v2\/types\/post"}],"author":[{"embeddable":true,"href":"https:\/\/novasdodia.com.br\/index.php\/wp-json\/wp\/v2\/users\/1"}],"replies":[{"embeddable":true,"href":"https:\/\/novasdodia.com.br\/index.php\/wp-json\/wp\/v2\/comments?post=16064"}],"version-history":[{"count":0,"href":"https:\/\/novasdodia.com.br\/index.php\/wp-json\/wp\/v2\/posts\/16064\/revisions"}],"wp:attachment":[{"href":"https:\/\/novasdodia.com.br\/index.php\/wp-json\/wp\/v2\/media?parent=16064"}],"wp:term":[{"taxonomy":"category","embeddable":true,"href":"https:\/\/novasdodia.com.br\/index.php\/wp-json\/wp\/v2\/categories?post=16064"},{"taxonomy":"post_tag","embeddable":true,"href":"https:\/\/novasdodia.com.br\/index.php\/wp-json\/wp\/v2\/tags?post=16064"}],"curies":[{"name":"wp","href":"https:\/\/api.w.org\/{rel}","templated":true}]}}