{"id":16129,"date":"2024-01-23T19:31:58","date_gmt":"2024-01-23T22:31:58","guid":{"rendered":"https:\/\/novasdodia.com.br\/index.php\/2024\/01\/23\/governo-abre-inscricoes-para-o-selo-social-empresa-amiga-da-mulher-agencia-de-noticias-do-governo-de-mato-grosso-do-sul\/"},"modified":"2024-01-23T19:31:58","modified_gmt":"2024-01-23T22:31:58","slug":"governo-abre-inscricoes-para-o-selo-social-empresa-amiga-da-mulher-agencia-de-noticias-do-governo-de-mato-grosso-do-sul","status":"publish","type":"post","link":"https:\/\/novasdodia.com.br\/index.php\/2024\/01\/23\/governo-abre-inscricoes-para-o-selo-social-empresa-amiga-da-mulher-agencia-de-noticias-do-governo-de-mato-grosso-do-sul\/","title":{"rendered":"Governo abre inscri\u00e7\u00f5es para o Selo Social \u201cEmpresa Amiga da Mulher\u201d \u2013 Ag\u00eancia de Noticias do Governo de Mato Grosso do Sul"},"content":{"rendered":"<p><\/p>\n<div>\n<p style=\"font-weight: 400;\">Empresas p\u00fablicas e privadas interessadas em concorrer ao Selo Social \u201cEmpresa Amiga da Mulher\u201d, que premia pr\u00e1ticas inovadoras e programas educativos para promo\u00e7\u00e3o, valoriza\u00e7\u00e3o e defesa dos direitos da mulher no ambiente de trabalho, j\u00e1 podem se inscrever.<\/p>\n<p style=\"font-weight: 400;\">O edital divulgado nesta ter\u00e7a-feira (23) contempla projetos que incentivam a contrata\u00e7\u00e3o e valoriza\u00e7\u00e3o da mulher no mercado de trabalho, buscando a igualdade de g\u00eanero no quadro de pessoal; estimulam o combate ao ass\u00e9dio moral e sexual no ambiente corporativo; promovam a igualdade salarial de g\u00eaneros, contribuindo para a redu\u00e7\u00e3o de desigualdades, com objetivo de valorizar a mulher e fomentar as boas pr\u00e1ticas e o incentivo ao aleitamento materno e \u00e0 valoriza\u00e7\u00e3o da gestante no ambiente de trabalho.<\/p>\n<p style=\"font-weight: 400;\">Para a secret\u00e1ria da Cidadania, Viviane Luiza, pasta a qual a Subsecretaria de Estado de Pol\u00edticas P\u00fablicas para Mulheres \u00e9 vinculada, o selo social Empresa Amiga da Mulher desperta o olhar desses empreendedores para o cen\u00e1rio da desigualdade de g\u00eanero.<\/p>\n<p style=\"font-weight: 400;\">\u201cEstamos pautando as nossas a\u00e7\u00f5es na garantia dos direitos, pensando a cidadania para todos. O selo promove o olhar desses empres\u00e1rios e gestores para as mulheres que correspondem a mais de 53% de popula\u00e7\u00e3o sul-mato-grossenses \u201d, afirma.<\/p>\n<p style=\"font-weight: 400;\">As inscri\u00e7\u00f5es podem ser realizadas at\u00e9 o dia 23 de fevereiro de 2024, atrav\u00e9s do envio da documenta\u00e7\u00e3o para o e-mail:\u00a0sppm.mulheres@gmail.com. Cada empresa poder\u00e1 inscrever mais de uma pr\u00e1tica ou programa. <span style=\"color: #0000ff;\">(Confira a publica\u00e7\u00e3o)<\/span><\/p>\n<p style=\"font-weight: 400;\">A sele\u00e7\u00e3o das empresas ser\u00e1 feita por um comit\u00ea julgador, integrado por representantes da Subsecretaria de Pol\u00edticas P\u00fablicas para Mulheres; do Conselho Estadual dos Direitos da Mulher; da Semadesc (Secretaria de Estado de Meio Ambiente, Desenvolvimento Econ\u00f4mico, Produ\u00e7\u00e3o e Agricultura Familiar); da Defensoria P\u00fablica; da ALEMS (Assembleia Legislativa do Estado de Mato Grosso do Sul); do TRTMS (Tribunal Regional do Trabalho da 24\u00aa Regi\u00e3o); do MPT (Minist\u00e9rio P\u00fablico do Trabalho &#8211; Procuradoria Regional do Trabalho da 24\u00aa Regi\u00e3o) e SEBRAE (Servi\u00e7o de Apoio \u00e0s Micro e Pequenas Empresas de Mato Grosso do Sul).<\/p>\n<p style=\"font-weight: 400;\">A divulga\u00e7\u00e3o do resultado final e apresenta\u00e7\u00e3o das propostas selecionadas ser\u00e1 realizada pela Subsecretaria de Estado de Pol\u00edticas P\u00fablicas para Mulheres, durante as atividades da Campanha \u201cO protagonismo das mulheres sul-mato-grossenses&#8221;, que aborda os temas empoderamento, empreendedorismo e empregabilidade das mulheres, no m\u00eas de mar\u00e7o.<\/p>\n<p><em>Jaqueline Hahn Tente, Comunica\u00e7\u00e3o SEC<\/em><br \/><em>Foto: Arquivo<\/em><\/p>\n<\/div>\n","protected":false},"excerpt":{"rendered":"<p>Empresas p\u00fablicas e privadas interessadas em concorrer ao Selo Social \u201cEmpresa Amiga da Mulher\u201d, que premia pr\u00e1ticas inovadoras e programas educativos para promo\u00e7\u00e3o, valoriza\u00e7\u00e3o e defesa dos direitos da mulher no ambiente de trabalho, j\u00e1 podem se inscrever. O edital divulgado nesta ter\u00e7a-feira (23) contempla projetos que incentivam a contrata\u00e7\u00e3o e valoriza\u00e7\u00e3o da mulher no [&hellip;]<\/p>\n","protected":false},"author":1,"featured_media":0,"comment_status":"open","ping_status":"open","sticky":false,"template":"","format":"standard","meta":{"footnotes":""},"categories":[],"tags":[],"class_list":["post-16129","post","type-post","status-publish","format-standard","hentry"],"amp_enabled":true,"_links":{"self":[{"href":"https:\/\/novasdodia.com.br\/index.php\/wp-json\/wp\/v2\/posts\/16129","targetHints":{"allow":["GET"]}}],"collection":[{"href":"https:\/\/novasdodia.com.br\/index.php\/wp-json\/wp\/v2\/posts"}],"about":[{"href":"https:\/\/novasdodia.com.br\/index.php\/wp-json\/wp\/v2\/types\/post"}],"author":[{"embeddable":true,"href":"https:\/\/novasdodia.com.br\/index.php\/wp-json\/wp\/v2\/users\/1"}],"replies":[{"embeddable":true,"href":"https:\/\/novasdodia.com.br\/index.php\/wp-json\/wp\/v2\/comments?post=16129"}],"version-history":[{"count":0,"href":"https:\/\/novasdodia.com.br\/index.php\/wp-json\/wp\/v2\/posts\/16129\/revisions"}],"wp:attachment":[{"href":"https:\/\/novasdodia.com.br\/index.php\/wp-json\/wp\/v2\/media?parent=16129"}],"wp:term":[{"taxonomy":"category","embeddable":true,"href":"https:\/\/novasdodia.com.br\/index.php\/wp-json\/wp\/v2\/categories?post=16129"},{"taxonomy":"post_tag","embeddable":true,"href":"https:\/\/novasdodia.com.br\/index.php\/wp-json\/wp\/v2\/tags?post=16129"}],"curies":[{"name":"wp","href":"https:\/\/api.w.org\/{rel}","templated":true}]}}