{"id":16138,"date":"2024-01-23T22:57:00","date_gmt":"2024-01-24T01:57:00","guid":{"rendered":"https:\/\/novasdodia.com.br\/index.php\/2024\/01\/23\/guardas-municipais-prendem-turista-chileno-que-furtou-celular-de-turistas-argentinos-em-hotel-de-copacabana-prefeitura-da-cidade-do-rio-de-janeiro\/"},"modified":"2024-01-23T22:57:00","modified_gmt":"2024-01-24T01:57:00","slug":"guardas-municipais-prendem-turista-chileno-que-furtou-celular-de-turistas-argentinos-em-hotel-de-copacabana-prefeitura-da-cidade-do-rio-de-janeiro","status":"publish","type":"post","link":"https:\/\/novasdodia.com.br\/index.php\/2024\/01\/23\/guardas-municipais-prendem-turista-chileno-que-furtou-celular-de-turistas-argentinos-em-hotel-de-copacabana-prefeitura-da-cidade-do-rio-de-janeiro\/","title":{"rendered":"Guardas municipais prendem turista chileno que furtou celular de turistas argentinos em hotel de Copacabana &#8211; Prefeitura da Cidade do Rio de Janeiro"},"content":{"rendered":"<p><\/p>\n<div id=\"main\">\n<div class=\"wrapper-breadcrumbs\" wp_automatic_readability=\"14.229181494662\">\n<p>Guardas municipais da Unidade de Ordem P\u00fablica (UOP) de Copacabana prenderam, nesta ter\u00e7a-feira (23\/1), um turista chileno de 39 anos suspeito de furtar o celular de uma adolescente e seu pai, turistas argentinos, no interior de um hotel na Avenida Atl\u00e2ntica, em Copacabana, na Zona Sul do Rio. Acusado e v\u00edtimas estavam hospedados no mesmo hotel.<\/p>\n<p>De acordo com a v\u00edtima, o suspeito pegou o telefone e saiu correndo, mas foi perseguido por seguran\u00e7as do hotel e preso com ajuda dos guardas municipais na Rua Bol\u00edvar, no mesmo bairro. O celular foi recuperado, e o caso foi registrado como furto na Delegacia de Apoio ao Turista (DEAT).<\/p>\n<p>             <!-- Compartilhe ---><\/p>\n<p>\t\t\t <!-- TAGS --><\/p>\n<section class=\"category-tags\">\n<article class=\"tags\">\n\t\t\t\t\tMarca\u00e7\u00f5es: copacabana furto de celular Guarda Municipal pris\u00e3o turistas<br \/><\/article>\n<\/section>\n<p>            <!-- Mais Not&iacute;cias --><\/p>\n<p>\t\t<!-- Conte&uacute;do SIDEBAR --><\/p><\/div>\n<\/p><\/div>\n","protected":false},"excerpt":{"rendered":"<p>Guardas municipais da Unidade de Ordem P\u00fablica (UOP) de Copacabana prenderam, nesta ter\u00e7a-feira (23\/1), um turista chileno de 39 anos suspeito de furtar o celular de uma adolescente e seu pai, turistas argentinos, no interior de um hotel na Avenida Atl\u00e2ntica, em Copacabana, na Zona Sul do Rio. Acusado e v\u00edtimas estavam hospedados no mesmo [&hellip;]<\/p>\n","protected":false},"author":1,"featured_media":0,"comment_status":"open","ping_status":"open","sticky":false,"template":"","format":"standard","meta":{"footnotes":""},"categories":[1],"tags":[],"class_list":["post-16138","post","type-post","status-publish","format-standard","hentry","category-noticias"],"amp_enabled":true,"_links":{"self":[{"href":"https:\/\/novasdodia.com.br\/index.php\/wp-json\/wp\/v2\/posts\/16138","targetHints":{"allow":["GET"]}}],"collection":[{"href":"https:\/\/novasdodia.com.br\/index.php\/wp-json\/wp\/v2\/posts"}],"about":[{"href":"https:\/\/novasdodia.com.br\/index.php\/wp-json\/wp\/v2\/types\/post"}],"author":[{"embeddable":true,"href":"https:\/\/novasdodia.com.br\/index.php\/wp-json\/wp\/v2\/users\/1"}],"replies":[{"embeddable":true,"href":"https:\/\/novasdodia.com.br\/index.php\/wp-json\/wp\/v2\/comments?post=16138"}],"version-history":[{"count":0,"href":"https:\/\/novasdodia.com.br\/index.php\/wp-json\/wp\/v2\/posts\/16138\/revisions"}],"wp:attachment":[{"href":"https:\/\/novasdodia.com.br\/index.php\/wp-json\/wp\/v2\/media?parent=16138"}],"wp:term":[{"taxonomy":"category","embeddable":true,"href":"https:\/\/novasdodia.com.br\/index.php\/wp-json\/wp\/v2\/categories?post=16138"},{"taxonomy":"post_tag","embeddable":true,"href":"https:\/\/novasdodia.com.br\/index.php\/wp-json\/wp\/v2\/tags?post=16138"}],"curies":[{"name":"wp","href":"https:\/\/api.w.org\/{rel}","templated":true}]}}