{"id":16224,"date":"2024-01-25T04:43:12","date_gmt":"2024-01-25T07:43:12","guid":{"rendered":"https:\/\/novasdodia.com.br\/index.php\/2024\/01\/25\/cet-rio-monta-esquema-de-transito-para-montagem-da-passarela-de-pedestres-do-carnaval-2024-prefeitura-da-cidade-do-rio-de-janeiro\/"},"modified":"2024-01-25T04:43:12","modified_gmt":"2024-01-25T07:43:12","slug":"cet-rio-monta-esquema-de-transito-para-montagem-da-passarela-de-pedestres-do-carnaval-2024-prefeitura-da-cidade-do-rio-de-janeiro","status":"publish","type":"post","link":"https:\/\/novasdodia.com.br\/index.php\/2024\/01\/25\/cet-rio-monta-esquema-de-transito-para-montagem-da-passarela-de-pedestres-do-carnaval-2024-prefeitura-da-cidade-do-rio-de-janeiro\/","title":{"rendered":"CET-Rio monta esquema de tr\u00e2nsito para montagem da passarela de pedestres do Carnaval 2024 &#8211; Prefeitura da Cidade do Rio de Janeiro"},"content":{"rendered":"<p><\/p>\n<div id=\"main\">\n<div class=\"wrapper-breadcrumbs\" wp_automatic_readability=\"26.847826086957\">\n<div class=\"image-post\">\n                                       <\/div>\n<p>A CET-Rio informa que ser\u00e3o realizadas interdi\u00e7\u00f5es no entorno do Samb\u00f3dromo, na quinta-feira (25\/1), para montagem da passarela de pedestres sobre a Avenida Presidente Vargas para o Carnaval 2024. As interdi\u00e7\u00f5es ocorrer\u00e3o das 22h \u00e0s 5h. Nesta primeira etapa de montagem ser\u00e3o interditadas as seguintes vias:<\/p>\n<p><strong>Avenida Presidente Vargas:<\/strong><\/p>\n<p>\u2013 Pista central, sentido Candel\u00e1ria, no trecho compreendido entre o entroncamento em frente \u00e0 edifica\u00e7\u00e3o da Empresa de Correios e Tel\u00e9grafos e a Rua de Santana<\/p>\n<p>\u2013 Pista lateral, sentido Candel\u00e1ria, no trecho compreendido entre o entroncamento ap\u00f3s a Rua Carmo Neto e a Rua de Santana<\/p>\n<p>A Rua Haroldo de Andrade sera interditada no trecho compreendido entre a Rua Benedito Hip\u00f3lito e a Avenida Presidente Vargas.<\/p>\n<p>Durante a montagem, o fluxo de ve\u00edculos destinado ao Centro ser\u00e1 desviado pelas ruas Carmo Neto, Benedito Hip\u00f3lito e Santana, retornando \u00e0 Avenida Presidente Vargas.<\/p>\n<p>Agentes da CET-Rio, da Guarda Municipal e terceirizados contratados pela empresa que realizar\u00e1 o servi\u00e7o acompanhar\u00e3o a interven\u00e7\u00e3o, orientando motoristas e efetuando as interdi\u00e7\u00f5es necess\u00e1rias.<\/p>\n<p>             <!-- Compartilhe ---><\/p>\n<p>\t\t\t <!-- TAGS --><\/p>\n<section class=\"category-tags\">\n<div class=\"marcacao-category\">\n<article class=\"category-post\">\n<p>Categoria: <\/p>\n<\/article>\n<li>24 de janeiro de 2024<\/li><\/div>\n<article class=\"tags\">\n\t\t\t\t\tMarca\u00e7\u00f5es: Avenida Presidente Vargas Carnaval 2024 CET-Rio interdi\u00e7\u00f5es Passarela Samb\u00f3dromo tr\u00e2nsito<br \/><\/article>\n<\/section>\n<p>            <!-- Mais Not&iacute;cias --><\/p>\n<p>\t\t<!-- Conte&uacute;do SIDEBAR --><\/p><\/div>\n<\/p><\/div>\n","protected":false},"excerpt":{"rendered":"<p>A CET-Rio informa que ser\u00e3o realizadas interdi\u00e7\u00f5es no entorno do Samb\u00f3dromo, na quinta-feira (25\/1), para montagem da passarela de pedestres sobre a Avenida Presidente Vargas para o Carnaval 2024. As interdi\u00e7\u00f5es ocorrer\u00e3o das 22h \u00e0s 5h. Nesta primeira etapa de montagem ser\u00e3o interditadas as seguintes vias: Avenida Presidente Vargas: \u2013 Pista central, sentido Candel\u00e1ria, no [&hellip;]<\/p>\n","protected":false},"author":1,"featured_media":0,"comment_status":"open","ping_status":"open","sticky":false,"template":"","format":"standard","meta":{"footnotes":""},"categories":[1],"tags":[],"class_list":["post-16224","post","type-post","status-publish","format-standard","hentry","category-noticias"],"amp_enabled":true,"_links":{"self":[{"href":"https:\/\/novasdodia.com.br\/index.php\/wp-json\/wp\/v2\/posts\/16224","targetHints":{"allow":["GET"]}}],"collection":[{"href":"https:\/\/novasdodia.com.br\/index.php\/wp-json\/wp\/v2\/posts"}],"about":[{"href":"https:\/\/novasdodia.com.br\/index.php\/wp-json\/wp\/v2\/types\/post"}],"author":[{"embeddable":true,"href":"https:\/\/novasdodia.com.br\/index.php\/wp-json\/wp\/v2\/users\/1"}],"replies":[{"embeddable":true,"href":"https:\/\/novasdodia.com.br\/index.php\/wp-json\/wp\/v2\/comments?post=16224"}],"version-history":[{"count":0,"href":"https:\/\/novasdodia.com.br\/index.php\/wp-json\/wp\/v2\/posts\/16224\/revisions"}],"wp:attachment":[{"href":"https:\/\/novasdodia.com.br\/index.php\/wp-json\/wp\/v2\/media?parent=16224"}],"wp:term":[{"taxonomy":"category","embeddable":true,"href":"https:\/\/novasdodia.com.br\/index.php\/wp-json\/wp\/v2\/categories?post=16224"},{"taxonomy":"post_tag","embeddable":true,"href":"https:\/\/novasdodia.com.br\/index.php\/wp-json\/wp\/v2\/tags?post=16224"}],"curies":[{"name":"wp","href":"https:\/\/api.w.org\/{rel}","templated":true}]}}